{"id":186871,"date":"2019-07-24T23:56:28","date_gmt":"2019-07-24T20:56:28","guid":{"rendered":"http:\/\/www.sana.sy\/tr\/?p=186871"},"modified":"2019-07-26T16:02:53","modified_gmt":"2019-07-26T13:02:53","slug":"kubadan-kotu-sonuclar-doguracak-trump-ilanina-kinama","status":"publish","type":"post","link":"https:\/\/archive.sana.sy\/tr\/?p=186871","title":{"rendered":"K\u00fcba&#8217;dan K\u00f6t\u00fc Sonu\u00e7lar Do\u011furacak Trump \u0130lan\u0131na K\u0131nama"},"content":{"rendered":"<p style=\"text-align: justify;\">NEW YORK &#8211; K\u00fcba, ABD Ba\u015fkan\u0131 Donald Trump&#8217;\u0131n Suriyeli Golan\u2019la ilgili ilan\u0131n\u0131 k\u0131nayarak, Birle\u015fmi\u015f Milletler Misak\u0131, uluslararas\u0131 hukuk ve ilgili G\u00fcvenlik Konseyi kararlar\u0131na a\u00e7\u0131k\u00e7a ihlal say\u0131ld\u0131\u011f\u0131n\u0131 yineledi.<\/p>\n<p style=\"text-align: justify;\">K\u00fcba&#8217;n\u0131n Birle\u015fmi\u015f Milletler Daimi Temsilcisi Vekili Anna Silvia Rodriguez Abascal, Ortado\u011fu&#8217;daki durumla ilgili G\u00fcvenlik Konseyi oturumunda yapt\u0131\u011f\u0131 a\u00e7\u0131klamada, &#8220;Amerika Birle\u015fik Devletleri karar\u0131, Suriye halk\u0131n\u0131n ve Arap ve \u0130slam ulusunun me\u015fru haklar\u0131n\u0131 ihlal ediyor ve Ortado\u011fu\u2019nun istikrar ve g\u00fcvenli\u011fi i\u00e7in ciddi sonu\u00e7lar\u0131 vard\u0131r&#8221; dedi.<\/p>\n<p style=\"text-align: justify;\">ABD Ba\u015fkan\u0131 Donald Trump, Suriye&#8217;nin egemenli\u011fine ve toprak b\u00fct\u00fcnl\u00fc\u011f\u00fcne bariz bir sald\u0131r\u0131da i\u015fgal alt\u0131ndaki Suriyeli Golan&#8217;\u0131 i\u015fgalci \u0130srail varl\u0131\u011f\u0131na tabi oldu\u011funu ilan etmi\u015f, Suriye de, bu ilan\u0131n uluslararas\u0131 me\u015fruiyet konusunda en y\u00fcksek reddetme derecesini temsil etti\u011fini belirtmi\u015fti.<\/p>\n<p style=\"text-align: justify;\">K\u00fcbal\u0131 diplomat, \u00fclkesinin Filistin davas\u0131n\u0131 tasfiye etmek i\u00e7in \u201cy\u00fczy\u0131l\u0131n anla\u015fmas\u0131na\u201d y\u00f6nelik reddini dile getirere, ABD&#8217;nin Kud\u00fcs kentini \u00a0\u0130srail i\u015fgal varl\u0131\u011f\u0131n\u0131n ba\u015fkenti olarak ilan etmesi ve UNRWA&#8217;y\u0131 (Filistinlilere Yard\u0131n ve \u00c7al\u0131\u015ft\u0131rma Ajans\u0131) finanse etmesini durdurmas\u0131 i\u00e7in ald\u0131\u011f\u0131 tek tarafl\u0131 \u00f6nlemlere olan kar\u015f\u0131tl\u0131\u011f\u0131n\u0131 yeniledi\u011fini belirtti.<\/p>\n<p style=\"text-align: justify;\">Rodriguez Abascal, G\u00fcvenlik Konseyi&#8217;ne uluslararas\u0131 bar\u0131\u015f ve g\u00fcvenli\u011fin s\u00fcrd\u00fcr\u00fclmesi, Filistin topraklar\u0131n\u0131n i\u015fgalinin derhal sona ermesi, agresif politikalar, s\u00f6m\u00fcrgeci uygulamalar ve \u0130srail varl\u0131\u011f\u0131n\u0131n uluslararas\u0131 me\u015fruiyet kararlar\u0131na uymas\u0131 i\u00e7in zorlanmas\u0131 \u00e7a\u011fr\u0131s\u0131nda bulundu.<\/p>\n<p>\u00c7eviri: S.\u015eahut<\/p>\n","protected":false},"excerpt":{"rendered":"<p>NEW YORK &#8211; K\u00fcba, ABD Ba\u015fkan\u0131 Donald Trump&#8217;\u0131n Suriyeli Golan\u2019la ilgili ilan\u0131n\u0131 k\u0131nayarak, Birle\u015fmi\u015f Milletler Misak\u0131, uluslararas\u0131 hukuk ve ilgili G\u00fcvenlik Konseyi kararlar\u0131na a\u00e7\u0131k\u00e7a ihlal say\u0131ld\u0131\u011f\u0131n\u0131 yineledi. K\u00fcba&#8217;n\u0131n Birle\u015fmi\u015f Milletler Daimi Temsilcisi Vekili Anna Silvia Rodriguez Abascal, Ortado\u011fu&#8217;daki durumla ilgili G\u00fcvenlik Konseyi oturumunda yapt\u0131\u011f\u0131 a\u00e7\u0131klamada, &#8220;Amerika Birle\u015fik Devletleri karar\u0131, Suriye halk\u0131n\u0131n ve Arap ve \u0130slam &hellip;<\/p>\n","protected":false},"author":1,"featured_media":186872,"comment_status":"closed","ping_status":"closed","sticky":false,"template":"","format":"standard","meta":{"footnotes":""},"categories":[458,459,17988],"tags":[],"class_list":["post-186871","post","type-post","status-publish","format-standard","has-post-thumbnail","","category-dunya1","category-haberler-arap-uluslararasi-politika","category-son-haberler"],"_links":{"self":[{"href":"https:\/\/archive.sana.sy\/tr\/index.php?rest_route=\/wp\/v2\/posts\/186871","targetHints":{"allow":["GET"]}}],"collection":[{"href":"https:\/\/archive.sana.sy\/tr\/index.php?rest_route=\/wp\/v2\/posts"}],"about":[{"href":"https:\/\/archive.sana.sy\/tr\/index.php?rest_route=\/wp\/v2\/types\/post"}],"author":[{"embeddable":true,"href":"https:\/\/archive.sana.sy\/tr\/index.php?rest_route=\/wp\/v2\/users\/1"}],"replies":[{"embeddable":true,"href":"https:\/\/archive.sana.sy\/tr\/index.php?rest_route=%2Fwp%2Fv2%2Fcomments&post=186871"}],"version-history":[{"count":0,"href":"https:\/\/archive.sana.sy\/tr\/index.php?rest_route=\/wp\/v2\/posts\/186871\/revisions"}],"wp:featuredmedia":[{"embeddable":true,"href":"https:\/\/archive.sana.sy\/tr\/index.php?rest_route=\/wp\/v2\/media\/186872"}],"wp:attachment":[{"href":"https:\/\/archive.sana.sy\/tr\/index.php?rest_route=%2Fwp%2Fv2%2Fmedia&parent=186871"}],"wp:term":[{"taxonomy":"category","embeddable":true,"href":"https:\/\/archive.sana.sy\/tr\/index.php?rest_route=%2Fwp%2Fv2%2Fcategories&post=186871"},{"taxonomy":"post_tag","embeddable":true,"href":"https:\/\/archive.sana.sy\/tr\/index.php?rest_route=%2Fwp%2Fv2%2Ftags&post=186871"}],"curies":[{"name":"wp","href":"https:\/\/api.w.org\/{rel}","templated":true}]}}