{"id":186874,"date":"2019-07-24T23:59:01","date_gmt":"2019-07-24T20:59:01","guid":{"rendered":"http:\/\/www.sana.sy\/tr\/?p=186874"},"modified":"2019-07-26T16:02:56","modified_gmt":"2019-07-26T13:02:56","slug":"hamadaniye-ve-seyfuldevle-semtleri-teroristlerce-hedef-alindi-bilanco-3-sehit-15-yarali","status":"publish","type":"post","link":"https:\/\/archive.sana.sy\/tr\/?p=186874","title":{"rendered":"Hamadaniye ve Seyf\u00fcldevle Semtleri Ter\u00f6ristlerce Hedef Al\u0131nd\u0131 Bilan\u00e7o 3 \u015eehit 15 Yaral\u0131"},"content":{"rendered":"<p style=\"text-align: justify;\">HALEP \u2013 ter\u00f6rist gruplar\u0131n Halep ili Hamadaniye ve Seyf\u00fcldevle semtlerine y\u00f6nelik roketli f\u00fczelerle d\u00fczenledi\u011fi sald\u0131r\u0131 sonucunda aralar\u0131nda iki \u00e7ocu\u011fun bulundu\u011fu 3 ki\u015fi \u015fehit d\u00fc\u015ft\u00fc 15 ki\u015fi de yaraland\u0131.<\/p>\n<p style=\"text-align: justify;\">Halep \u0130l Emniyet M\u00fcd\u00fcrl\u00fc\u011f\u00fcnde bir kaynak SANA muhabirine a\u00e7\u0131klamas\u0131nda, ilin bat\u0131s\u0131ndaki Ra\u015fidin semtinde yay\u0131lan &#8220;Nusra Cephesi&#8221; ter\u00f6ristlerinin bu ak\u015fam Hamadaniye ve Seyf\u00fcldevle semtlerine roketli f\u00fcze sald\u0131r\u0131s\u0131nda bulunduklar\u0131n\u0131, bunun sonucunda iki \u00e7ocu\u011fun bulundu\u011fu 3 sivil vatanda\u015f\u0131n \u015fehit d\u00fc\u015ft\u00fc\u011f\u00fcn\u00fc 15 ki\u015finin de yaraland\u0131\u011f\u0131n\u0131, ahalilerin ev ve m\u00fclklerinde de maddi hasaralar\u0131n meydana geldi\u011fini ifade etti.<\/p>\n<p style=\"text-align: justify;\">Muhabir, yaral\u0131lar\u0131n tedavi edilmek \u00fczere \u00dcniversite ve el Razi hastanelerine kald\u0131r\u0131ld\u0131klarun\u0131 ve gereken ilk yard\u0131mlar\u0131n yap\u0131ld\u0131\u011f\u0131n\u0131 s\u00f6yledi.<\/p>\n<p style=\"text-align: justify;\">\u00d6te yandan ordu birliklerimiz Ra\u015fidin semtindeki sald\u0131rgan kaynaklara derhal cevap vererek, roket f\u0131rlatma rampalar\u0131n\u0131 imha etti Nusrac\u0131 ter\u00f6ristlerin saflar\u0131nda da \u00f6l\u00fc ve yaral\u0131lar d\u00fc\u015f\u00fcrd\u00fc.<\/p>\n<p>\u00c7eviri: S.\u015eahut<\/p>\n<div id='gallery-1' class='gallery galleryid-186874 gallery-columns-1 gallery-size-full'><figure class='gallery-item'>\n\t\t\t<div class='gallery-icon landscape'>\n\t\t\t\t<a href='https:\/\/archive.sana.sy\/tr\/wp-content\/uploads\/2019\/07\/21-2.jpg'><img loading=\"lazy\" decoding=\"async\" width=\"660\" height=\"370\" src=\"https:\/\/archive.sana.sy\/tr\/wp-content\/uploads\/2019\/07\/21-2.jpg\" class=\"attachment-full size-full\" alt=\"\" srcset=\"https:\/\/archive.sana.sy\/tr\/wp-content\/uploads\/2019\/07\/21-2.jpg 660w, https:\/\/archive.sana.sy\/tr\/wp-content\/uploads\/2019\/07\/21-2-150x84.jpg 150w, https:\/\/archive.sana.sy\/tr\/wp-content\/uploads\/2019\/07\/21-2-300x168.jpg 300w\" sizes=\"auto, (max-width: 660px) 100vw, 660px\" \/><\/a>\n\t\t\t<\/div><\/figure><figure class='gallery-item'>\n\t\t\t<div class='gallery-icon landscape'>\n\t\t\t\t<a href='https:\/\/archive.sana.sy\/tr\/wp-content\/uploads\/2019\/07\/22-1.jpg'><img loading=\"lazy\" decoding=\"async\" width=\"660\" height=\"370\" src=\"https:\/\/archive.sana.sy\/tr\/wp-content\/uploads\/2019\/07\/22-1.jpg\" class=\"attachment-full size-full\" alt=\"\" srcset=\"https:\/\/archive.sana.sy\/tr\/wp-content\/uploads\/2019\/07\/22-1.jpg 660w, https:\/\/archive.sana.sy\/tr\/wp-content\/uploads\/2019\/07\/22-1-150x84.jpg 150w, https:\/\/archive.sana.sy\/tr\/wp-content\/uploads\/2019\/07\/22-1-300x168.jpg 300w\" sizes=\"auto, (max-width: 660px) 100vw, 660px\" \/><\/a>\n\t\t\t<\/div><\/figure><figure class='gallery-item'>\n\t\t\t<div class='gallery-icon landscape'>\n\t\t\t\t<a href='https:\/\/archive.sana.sy\/tr\/wp-content\/uploads\/2019\/07\/23-2.jpg'><img loading=\"lazy\" decoding=\"async\" width=\"660\" height=\"370\" src=\"https:\/\/archive.sana.sy\/tr\/wp-content\/uploads\/2019\/07\/23-2.jpg\" class=\"attachment-full size-full\" alt=\"\" srcset=\"https:\/\/archive.sana.sy\/tr\/wp-content\/uploads\/2019\/07\/23-2.jpg 660w, https:\/\/archive.sana.sy\/tr\/wp-content\/uploads\/2019\/07\/23-2-150x84.jpg 150w, https:\/\/archive.sana.sy\/tr\/wp-content\/uploads\/2019\/07\/23-2-300x168.jpg 300w\" sizes=\"auto, (max-width: 660px) 100vw, 660px\" \/><\/a>\n\t\t\t<\/div><\/figure><figure class='gallery-item'>\n\t\t\t<div class='gallery-icon landscape'>\n\t\t\t\t<a href='https:\/\/archive.sana.sy\/tr\/wp-content\/uploads\/2019\/07\/24.jpg'><img loading=\"lazy\" decoding=\"async\" width=\"660\" height=\"370\" src=\"https:\/\/archive.sana.sy\/tr\/wp-content\/uploads\/2019\/07\/24.jpg\" class=\"attachment-full size-full\" alt=\"\" srcset=\"https:\/\/archive.sana.sy\/tr\/wp-content\/uploads\/2019\/07\/24.jpg 660w, https:\/\/archive.sana.sy\/tr\/wp-content\/uploads\/2019\/07\/24-150x84.jpg 150w, https:\/\/archive.sana.sy\/tr\/wp-content\/uploads\/2019\/07\/24-300x168.jpg 300w\" sizes=\"auto, (max-width: 660px) 100vw, 660px\" \/><\/a>\n\t\t\t<\/div><\/figure><figure class='gallery-item'>\n\t\t\t<div class='gallery-icon landscape'>\n\t\t\t\t<a href='https:\/\/archive.sana.sy\/tr\/wp-content\/uploads\/2019\/07\/25-1.jpg'><img loading=\"lazy\" decoding=\"async\" width=\"660\" height=\"370\" src=\"https:\/\/archive.sana.sy\/tr\/wp-content\/uploads\/2019\/07\/25-1.jpg\" class=\"attachment-full size-full\" alt=\"\" srcset=\"https:\/\/archive.sana.sy\/tr\/wp-content\/uploads\/2019\/07\/25-1.jpg 660w, https:\/\/archive.sana.sy\/tr\/wp-content\/uploads\/2019\/07\/25-1-150x84.jpg 150w, https:\/\/archive.sana.sy\/tr\/wp-content\/uploads\/2019\/07\/25-1-300x168.jpg 300w\" sizes=\"auto, (max-width: 660px) 100vw, 660px\" \/><\/a>\n\t\t\t<\/div><\/figure><figure class='gallery-item'>\n\t\t\t<div class='gallery-icon landscape'>\n\t\t\t\t<a href='https:\/\/archive.sana.sy\/tr\/wp-content\/uploads\/2019\/07\/26-1.jpg'><img loading=\"lazy\" decoding=\"async\" width=\"660\" height=\"370\" src=\"https:\/\/archive.sana.sy\/tr\/wp-content\/uploads\/2019\/07\/26-1.jpg\" class=\"attachment-full size-full\" alt=\"\" srcset=\"https:\/\/archive.sana.sy\/tr\/wp-content\/uploads\/2019\/07\/26-1.jpg 660w, https:\/\/archive.sana.sy\/tr\/wp-content\/uploads\/2019\/07\/26-1-150x84.jpg 150w, https:\/\/archive.sana.sy\/tr\/wp-content\/uploads\/2019\/07\/26-1-300x168.jpg 300w\" sizes=\"auto, (max-width: 660px) 100vw, 660px\" \/><\/a>\n\t\t\t<\/div><\/figure><figure class='gallery-item'>\n\t\t\t<div class='gallery-icon landscape'>\n\t\t\t\t<a href='https:\/\/archive.sana.sy\/tr\/wp-content\/uploads\/2019\/07\/27-1.jpg'><img loading=\"lazy\" decoding=\"async\" width=\"660\" height=\"370\" src=\"https:\/\/archive.sana.sy\/tr\/wp-content\/uploads\/2019\/07\/27-1.jpg\" class=\"attachment-full size-full\" alt=\"\" srcset=\"https:\/\/archive.sana.sy\/tr\/wp-content\/uploads\/2019\/07\/27-1.jpg 660w, https:\/\/archive.sana.sy\/tr\/wp-content\/uploads\/2019\/07\/27-1-150x84.jpg 150w, https:\/\/archive.sana.sy\/tr\/wp-content\/uploads\/2019\/07\/27-1-300x168.jpg 300w\" sizes=\"auto, (max-width: 660px) 100vw, 660px\" \/><\/a>\n\t\t\t<\/div><\/figure><figure class='gallery-item'>\n\t\t\t<div class='gallery-icon landscape'>\n\t\t\t\t<a href='https:\/\/archive.sana.sy\/tr\/wp-content\/uploads\/2019\/07\/28.jpg'><img loading=\"lazy\" decoding=\"async\" width=\"660\" height=\"370\" src=\"https:\/\/archive.sana.sy\/tr\/wp-content\/uploads\/2019\/07\/28.jpg\" class=\"attachment-full size-full\" alt=\"\" srcset=\"https:\/\/archive.sana.sy\/tr\/wp-content\/uploads\/2019\/07\/28.jpg 660w, https:\/\/archive.sana.sy\/tr\/wp-content\/uploads\/2019\/07\/28-150x84.jpg 150w, https:\/\/archive.sana.sy\/tr\/wp-content\/uploads\/2019\/07\/28-300x168.jpg 300w\" sizes=\"auto, (max-width: 660px) 100vw, 660px\" \/><\/a>\n\t\t\t<\/div><\/figure>\n\t\t<\/div>\n\n","protected":false},"excerpt":{"rendered":"<p>HALEP \u2013 ter\u00f6rist gruplar\u0131n Halep ili Hamadaniye ve Seyf\u00fcldevle semtlerine y\u00f6nelik roketli f\u00fczelerle d\u00fczenledi\u011fi sald\u0131r\u0131 sonucunda aralar\u0131nda iki \u00e7ocu\u011fun bulundu\u011fu 3 ki\u015fi \u015fehit d\u00fc\u015ft\u00fc 15 ki\u015fi de yaraland\u0131. Halep \u0130l Emniyet M\u00fcd\u00fcrl\u00fc\u011f\u00fcnde bir kaynak SANA muhabirine a\u00e7\u0131klamas\u0131nda, ilin bat\u0131s\u0131ndaki Ra\u015fidin semtinde yay\u0131lan &#8220;Nusra Cephesi&#8221; ter\u00f6ristlerinin bu ak\u015fam Hamadaniye ve Seyf\u00fcldevle semtlerine roketli f\u00fcze sald\u0131r\u0131s\u0131nda bulunduklar\u0131n\u0131, &hellip;<\/p>\n","protected":false},"author":1,"featured_media":186875,"comment_status":"closed","ping_status":"closed","sticky":false,"template":"","format":"standard","meta":{"footnotes":""},"categories":[575,17988],"tags":[],"class_list":["post-186874","post","type-post","status-publish","format-standard","has-post-thumbnail","","category-olaylar-ve-gercekler","category-son-haberler"],"_links":{"self":[{"href":"https:\/\/archive.sana.sy\/tr\/index.php?rest_route=\/wp\/v2\/posts\/186874","targetHints":{"allow":["GET"]}}],"collection":[{"href":"https:\/\/archive.sana.sy\/tr\/index.php?rest_route=\/wp\/v2\/posts"}],"about":[{"href":"https:\/\/archive.sana.sy\/tr\/index.php?rest_route=\/wp\/v2\/types\/post"}],"author":[{"embeddable":true,"href":"https:\/\/archive.sana.sy\/tr\/index.php?rest_route=\/wp\/v2\/users\/1"}],"replies":[{"embeddable":true,"href":"https:\/\/archive.sana.sy\/tr\/index.php?rest_route=%2Fwp%2Fv2%2Fcomments&post=186874"}],"version-history":[{"count":0,"href":"https:\/\/archive.sana.sy\/tr\/index.php?rest_route=\/wp\/v2\/posts\/186874\/revisions"}],"wp:featuredmedia":[{"embeddable":true,"href":"https:\/\/archive.sana.sy\/tr\/index.php?rest_route=\/wp\/v2\/media\/186875"}],"wp:attachment":[{"href":"https:\/\/archive.sana.sy\/tr\/index.php?rest_route=%2Fwp%2Fv2%2Fmedia&parent=186874"}],"wp:term":[{"taxonomy":"category","embeddable":true,"href":"https:\/\/archive.sana.sy\/tr\/index.php?rest_route=%2Fwp%2Fv2%2Fcategories&post=186874"},{"taxonomy":"post_tag","embeddable":true,"href":"https:\/\/archive.sana.sy\/tr\/index.php?rest_route=%2Fwp%2Fv2%2Ftags&post=186874"}],"curies":[{"name":"wp","href":"https:\/\/api.w.org\/{rel}","templated":true}]}}