{"id":186906,"date":"2019-07-25T21:22:42","date_gmt":"2019-07-25T18:22:42","guid":{"rendered":"http:\/\/sana.sy\/tr\/?p=186906"},"modified":"2019-07-27T15:43:18","modified_gmt":"2019-07-27T12:43:18","slug":"hama-ve-idlib-kirsallarinda-nusra-ve-turkistan-teroristlerinin-karargahlari-imha-edildi","status":"publish","type":"post","link":"https:\/\/archive.sana.sy\/tr\/?p=186906","title":{"rendered":"Hama Ve \u0130dlib K\u0131rsallar\u0131nda Nusra Ve T\u00fcrkistan Ter\u00f6ristlerinin Karargahlar\u0131 \u0130mha Edildi"},"content":{"rendered":"<p style=\"text-align: justify;\">HAMA \u2013 \u0130DL\u0130B \u2013 Top ve f\u00fczelerle sald\u0131r\u0131lar\u0131n\u0131 yo\u011funla\u015ft\u0131ran Suriye Arap Ordu birlikleri, Hama&#8217;n\u0131n kuzey bat\u0131s\u0131ndaki Sermaniye K\u00f6y\u00fc \u00e7evresi ile \u0130dlib g\u00fcney k\u0131rsal\u0131 k\u00f6y ve beldelerindeki ter\u00f6ristlerin, Maharde kentiyle Kamhane&#8217;ye maddi zararlar meydana getiren sald\u0131r\u0131lar\u0131n cevap olarak, &#8220;T\u00fcrkistan Partisi&#8221; adl\u0131 ter\u00f6r grubunun bar\u0131nak ve karargahlar\u0131n\u0131 imha etti.<\/p>\n<p style=\"text-align: justify;\">SANA muhabiri, ordu birliklerimizin a\u011f\u0131r top ate\u015fi ve f\u00fcze bataryalar\u0131yla d\u00fczenledi\u011fi sald\u0131r\u0131lar sonucunda Hama-\u0130dlib-Lazkiye il s\u0131n\u0131rlar\u0131ndaki Sermaniye k\u00f6y\u00fc da\u011fl\u0131k b\u00f6lgesinde bulunan &#8220;T\u00fcrkistan partisi&#8221; ter\u00f6r \u00f6rg\u00fct\u00fcn\u00fcn bar\u0131nak ve saklanma yerlerini hedef ald\u0131\u011f\u0131n\u0131, baz\u0131 bar\u0131nak ve karargahlar\u0131n\u0131 imha ederek baz\u0131 ter\u00f6ristleri de \u00f6ld\u00fcrd\u00fcklerini s\u00f6yledi.<\/p>\n<p style=\"text-align: justify;\">Muhabir, ordu birliklerimizin \u0130dlib g\u00fcney k\u0131rsal\u0131ndaki Mahambel ve Eriha&#8217;daki &#8220;Nusra Cephesi&#8221; ter\u00f6ristlerinin karargahlar\u0131na y\u00f6nelik d\u00fczenledi\u011fi a\u011f\u0131r top at\u0131\u015flar\u0131 sonucunda baz\u0131 karargahlar\u0131 imha ettiklerini ter\u00f6ristlerin saflar\u0131nda \u00f6l\u00fc ve yaral\u0131lar d\u00fc\u015f\u00fcrd\u00fcklerini ifade etti.<\/p>\n<p>\u00c7eviri: S.\u015eahut<\/p>\n","protected":false},"excerpt":{"rendered":"<p>HAMA \u2013 \u0130DL\u0130B \u2013 Top ve f\u00fczelerle sald\u0131r\u0131lar\u0131n\u0131 yo\u011funla\u015ft\u0131ran Suriye Arap Ordu birlikleri, Hama&#8217;n\u0131n kuzey bat\u0131s\u0131ndaki Sermaniye K\u00f6y\u00fc \u00e7evresi ile \u0130dlib g\u00fcney k\u0131rsal\u0131 k\u00f6y ve beldelerindeki ter\u00f6ristlerin, Maharde kentiyle Kamhane&#8217;ye maddi zararlar meydana getiren sald\u0131r\u0131lar\u0131n cevap olarak, &#8220;T\u00fcrkistan Partisi&#8221; adl\u0131 ter\u00f6r grubunun bar\u0131nak ve karargahlar\u0131n\u0131 imha etti. SANA muhabiri, ordu birliklerimizin a\u011f\u0131r top ate\u015fi ve &hellip;<\/p>\n","protected":false},"author":1,"featured_media":186907,"comment_status":"closed","ping_status":"closed","sticky":false,"template":"","format":"standard","meta":{"footnotes":""},"categories":[479,575,17988,478],"tags":[],"class_list":["post-186906","post","type-post","status-publish","format-standard","has-post-thumbnail","","category-haberler-yerel","category-olaylar-ve-gercekler","category-son-haberler","category-yerel"],"_links":{"self":[{"href":"https:\/\/archive.sana.sy\/tr\/index.php?rest_route=\/wp\/v2\/posts\/186906","targetHints":{"allow":["GET"]}}],"collection":[{"href":"https:\/\/archive.sana.sy\/tr\/index.php?rest_route=\/wp\/v2\/posts"}],"about":[{"href":"https:\/\/archive.sana.sy\/tr\/index.php?rest_route=\/wp\/v2\/types\/post"}],"author":[{"embeddable":true,"href":"https:\/\/archive.sana.sy\/tr\/index.php?rest_route=\/wp\/v2\/users\/1"}],"replies":[{"embeddable":true,"href":"https:\/\/archive.sana.sy\/tr\/index.php?rest_route=%2Fwp%2Fv2%2Fcomments&post=186906"}],"version-history":[{"count":0,"href":"https:\/\/archive.sana.sy\/tr\/index.php?rest_route=\/wp\/v2\/posts\/186906\/revisions"}],"wp:featuredmedia":[{"embeddable":true,"href":"https:\/\/archive.sana.sy\/tr\/index.php?rest_route=\/wp\/v2\/media\/186907"}],"wp:attachment":[{"href":"https:\/\/archive.sana.sy\/tr\/index.php?rest_route=%2Fwp%2Fv2%2Fmedia&parent=186906"}],"wp:term":[{"taxonomy":"category","embeddable":true,"href":"https:\/\/archive.sana.sy\/tr\/index.php?rest_route=%2Fwp%2Fv2%2Fcategories&post=186906"},{"taxonomy":"post_tag","embeddable":true,"href":"https:\/\/archive.sana.sy\/tr\/index.php?rest_route=%2Fwp%2Fv2%2Ftags&post=186906"}],"curies":[{"name":"wp","href":"https:\/\/api.w.org\/{rel}","templated":true}]}}