{"id":186910,"date":"2019-07-26T12:39:28","date_gmt":"2019-07-26T09:39:28","guid":{"rendered":"http:\/\/www.sana.sy\/tr\/?p=186910"},"modified":"2019-07-27T15:42:55","modified_gmt":"2019-07-27T12:42:55","slug":"yikici-amerikan-mudahalesi-siddetle-kinandi-suriye-halki-kim-olursa-olsun-ulkesi-egemenligine-el-uzatmasina-izin-vermez","status":"publish","type":"post","link":"https:\/\/archive.sana.sy\/tr\/?p=186910","title":{"rendered":"Y\u0131k\u0131c\u0131 Amerikan M\u00fcdahalesi \u015eiddetle K\u0131nand\u0131, Suriye Halk\u0131 Kim Olursa Olsun \u00dclkesi Egemenli\u011fine El Uzatmas\u0131na \u0130zin Vermez"},"content":{"rendered":"<p style=\"text-align: justify;\">\u015eAM &#8211; Suriye, krizin ve karma\u015f\u0131kl\u0131\u011f\u0131n uzat\u0131lmas\u0131na y\u00f6nelik y\u0131k\u0131c\u0131 ABD m\u00fcdahalesinin s\u00fcrd\u00fcr\u00fclmesini sert bir dille k\u0131nad\u0131\u011f\u0131n\u0131 dile getirerek, Suriye&#8217;nin egemenli\u011fi ve birli\u011fine, topra\u011f\u0131na ve halk\u0131na bariz bir sald\u0131r\u0131 olu\u015fturan herhangi Amerikan-T\u00fcrk uzla\u015fmas\u0131n\u0131 reddetti\u011fini vurgulad\u0131.<\/p>\n<p style=\"text-align: justify;\">D\u0131\u015fi\u015fleri ve Gurbet\u00e7iler Bakanl\u0131\u011f\u0131\u2019n\u0131n resmi bir kayna\u011f\u0131 bug\u00fcn SANA\u2019ya yapt\u0131\u011f\u0131 a\u00e7\u0131klamada: Suriye Arap Cumhuriyeti, Suriye\u2019deki krizi uzatmay\u0131 ve karma\u015f\u0131k hale getirmeyi, Suriye Arap Cumhuriyeti\u2019nin birlik ve b\u00fct\u00fcnl\u00fc\u011f\u00fcne dokunmay\u0131 ama\u00e7layan y\u0131k\u0131c\u0131 Amerikan m\u00fcdahalesinin devam etmesini sert bir dille k\u0131nad\u0131\u011f\u0131n\u0131 s\u00f6yledi.<\/p>\n<p style=\"text-align: justify;\">Kaynak: Suriye, Suriye ve halk\u0131n\u0131n egemenli\u011fi ve birli\u011fi ile halk\u0131n\u0131n ve halk\u0131n\u0131n birli\u011fine a\u00e7\u0131k\u00e7a m\u00fcdahaleci bir sald\u0131r\u0131 olu\u015fturan Amerikan-T\u00fcrk uzla\u015fmalar\u0131n\u0131n kesin bir \u015fekilde reddedilmesini, T\u00fcrkiye rejiminin s\u00f6z de ulusal g\u00fcvenli\u011fini bahane etmeye devam etmesini bu rejimin hareket ve fiillerinin yalanlad\u0131\u011f\u0131n\u0131 \u00e7\u00fcnk\u00fc bu rejimin halen ter\u00f6r\u00fcn temel kaidesi ve lojistik t\u00fcm deste\u011fini sa\u011flamaya devam etti\u011fini vurgulad\u0131.<\/p>\n<p style=\"text-align: justify;\">Kaynak: Suriye, Suriye&#8217;deki Amerikan projesinin t\u00fcm Suriyelileri hedef alan tehlikeleri konusunda s\u00fcrekli uyar\u0131da bulundu\u011funu, bu projeyle uyumlu olan baz\u0131 taraflarca ulusal kulu\u00e7kaya geri d\u00f6nmeye ve Suriye halk\u0131n\u0131n mutlak \u015fekilde reddetti\u011fi evhamlar\u0131ndan vazge\u00e7emeye daimi bir bir \u015fekilde \u00e7a\u011f\u0131r yapt\u0131\u011f\u0131n\u0131 ifade etti.<\/p>\n<p style=\"text-align: justify;\">Kaynak, sekiz y\u0131l boyunca her t\u00fcrl\u00fc ter\u00f6rizmle m\u00fccadele eden Suriye Arap Cumhuriyeti&#8217;nin, b\u00fct\u00fcn Suriye topraklar\u0131nda tamamen yok oluncaya kadar ter\u00f6r\u00fcn kal\u0131nt\u0131lar\u0131n\u0131 kovalamay devam edece\u011fini, Suriye&#8217;nin egemenli\u011fine, birli\u011fine ve toprak b\u00fct\u00fcnl\u00fc\u011f\u00fcne tehdit olu\u015fturan t\u00fcm ayr\u0131l\u0131k\u00e7\u0131 e\u011filimlere kar\u015f\u0131 koymaya devam edece\u011fini yineleyerek, ayn\u0131 zamanda Suriyelilerin kendilerinin \u00f6nderlik eedece\u011fi siyasi s\u00fcre\u00e7le, herhangi bir d\u0131\u015f m\u00fcdahale olmadan, bir olan Suriye&#8217;ye g\u00fcvenlik ve istikrar\u0131n geri gelmeden, krize son vermek i\u00e7in yap\u0131c\u0131 bir \u015fekilde \u00e7al\u0131\u015fmaya devam edece\u011fini vurgulad\u0131.<\/p>\n<p style=\"text-align: justify;\">Kaynak a\u00e7\u0131klamas\u0131n\u0131n sonunda, ter\u00f6rist gruplara kar\u015f\u0131 m\u00fccadelede fedakarl\u0131k yapan Suriye halk\u0131n\u0131n, kim olursa olsun Suriye&#8217;nin egemenli\u011fini i\u015fgal etmesi ve toprak b\u00fct\u00fcnl\u00fc\u011f\u00fcne dokunmas\u0131na izin vermeyece\u011fini, Suriye halk\u0131n\u0131n bug\u00fcn Suriye topraklar\u0131n\u0131n co\u011frafyas\u0131n\u0131 savunmak, birli\u011fini, ba\u011f\u0131ms\u0131zl\u0131\u011f\u0131n\u0131 ve ba\u011f\u0131ms\u0131z ulusal karar\u0131n\u0131 korumak i\u00e7in daha kararl\u0131 ve \u0131srarl\u0131 oldu\u011funu ifade etti.<\/p>\n<p>\u00c7eviri: S.\u015eahut<\/p>\n","protected":false},"excerpt":{"rendered":"<p>\u015eAM &#8211; Suriye, krizin ve karma\u015f\u0131kl\u0131\u011f\u0131n uzat\u0131lmas\u0131na y\u00f6nelik y\u0131k\u0131c\u0131 ABD m\u00fcdahalesinin s\u00fcrd\u00fcr\u00fclmesini sert bir dille k\u0131nad\u0131\u011f\u0131n\u0131 dile getirerek, Suriye&#8217;nin egemenli\u011fi ve birli\u011fine, topra\u011f\u0131na ve halk\u0131na bariz bir sald\u0131r\u0131 olu\u015fturan herhangi Amerikan-T\u00fcrk uzla\u015fmas\u0131n\u0131 reddetti\u011fini vurgulad\u0131. D\u0131\u015fi\u015fleri ve Gurbet\u00e7iler Bakanl\u0131\u011f\u0131\u2019n\u0131n resmi bir kayna\u011f\u0131 bug\u00fcn SANA\u2019ya yapt\u0131\u011f\u0131 a\u00e7\u0131klamada: Suriye Arap Cumhuriyeti, Suriye\u2019deki krizi uzatmay\u0131 ve karma\u015f\u0131k hale getirmeyi, &hellip;<\/p>\n","protected":false},"author":1,"featured_media":186911,"comment_status":"closed","ping_status":"closed","sticky":false,"template":"","format":"standard","meta":{"footnotes":""},"categories":[479,17988,478],"tags":[],"class_list":["post-186910","post","type-post","status-publish","format-standard","has-post-thumbnail","","category-haberler-yerel","category-son-haberler","category-yerel"],"_links":{"self":[{"href":"https:\/\/archive.sana.sy\/tr\/index.php?rest_route=\/wp\/v2\/posts\/186910","targetHints":{"allow":["GET"]}}],"collection":[{"href":"https:\/\/archive.sana.sy\/tr\/index.php?rest_route=\/wp\/v2\/posts"}],"about":[{"href":"https:\/\/archive.sana.sy\/tr\/index.php?rest_route=\/wp\/v2\/types\/post"}],"author":[{"embeddable":true,"href":"https:\/\/archive.sana.sy\/tr\/index.php?rest_route=\/wp\/v2\/users\/1"}],"replies":[{"embeddable":true,"href":"https:\/\/archive.sana.sy\/tr\/index.php?rest_route=%2Fwp%2Fv2%2Fcomments&post=186910"}],"version-history":[{"count":0,"href":"https:\/\/archive.sana.sy\/tr\/index.php?rest_route=\/wp\/v2\/posts\/186910\/revisions"}],"wp:featuredmedia":[{"embeddable":true,"href":"https:\/\/archive.sana.sy\/tr\/index.php?rest_route=\/wp\/v2\/media\/186911"}],"wp:attachment":[{"href":"https:\/\/archive.sana.sy\/tr\/index.php?rest_route=%2Fwp%2Fv2%2Fmedia&parent=186910"}],"wp:term":[{"taxonomy":"category","embeddable":true,"href":"https:\/\/archive.sana.sy\/tr\/index.php?rest_route=%2Fwp%2Fv2%2Fcategories&post=186910"},{"taxonomy":"post_tag","embeddable":true,"href":"https:\/\/archive.sana.sy\/tr\/index.php?rest_route=%2Fwp%2Fv2%2Ftags&post=186910"}],"curies":[{"name":"wp","href":"https:\/\/api.w.org\/{rel}","templated":true}]}}