{"id":187098,"date":"2019-07-29T15:36:15","date_gmt":"2019-07-29T12:36:15","guid":{"rendered":"http:\/\/www.sana.sy\/tr\/?p=187098"},"modified":"2019-07-30T16:10:42","modified_gmt":"2019-07-30T13:10:42","slug":"kara-harekatiyla-tel-malah-ve-jibeyn-beldeleri-kurtarildi","status":"publish","type":"post","link":"https:\/\/archive.sana.sy\/tr\/?p=187098","title":{"rendered":"Tel Malah ve Jibeyn Beldeleri Kurtar\u0131ld\u0131"},"content":{"rendered":"<p>HAMA \u2013 Askeri bir kaynak, ter\u00f6re kar\u015f\u0131 s\u00fcrd\u00fcr\u00fclen operasyonlar \u00e7er\u00e7evesinde Hama k\u0131rsal\u0131n\u0131n kuzey bat\u0131s\u0131nda bulunan Tel Malah ve Jibeyn Beldelerinin ter\u00f6r gruplar\u0131ndan tamamen kurtar\u0131ld\u0131klar\u0131n\u0131 belirtti.<\/p>\n<p>Askeri kaynak SANA muhabirine yapt\u0131\u011f\u0131 a\u00e7\u0131klamada; Hama k\u0131rsal\u0131n\u0131n kuzey bat\u0131s\u0131nda ter\u00f6re kar\u015f\u0131 m\u00fccadele eden ordu birliklerimizin Tel Malah ve Jibeyn Beldelerini ter\u00f6rden tamamen kurtard\u0131klar\u0131n\u0131 belirtti.<\/p>\n<p>Kaynak; iki beldeyi kurtaran ordu birliklerimizin, ter\u00f6r gruplar\u0131n\u0131n toplanma noktalar\u0131n\u0131 nitelikli operasyonlarla hedef ald\u0131klar\u0131n\u0131 belirti. Operasyonda ter\u00f6r gruplar\u0131na ait bir\u00e7ok z\u0131rhl\u0131 ara\u00e7 ve b\u00fcy\u00fck miktarda cephanenin yok edildi\u011fini ifade eden kaynak; ter\u00f6ristlerden \u00e7ok say\u0131da \u00f6l\u00fc ve yaral\u0131n\u0131n oldu\u011funa dikkat \u00e7ekti.<\/p>\n<p>\u00c7eviri: P.M.<\/p>\n<div id='gallery-1' class='gallery galleryid-187098 gallery-columns-1 gallery-size-full'><figure class='gallery-item'>\n\t\t\t<div class='gallery-icon landscape'>\n\t\t\t\t<a href='https:\/\/archive.sana.sy\/tr\/wp-content\/uploads\/2019\/07\/001-3.jpg'><img loading=\"lazy\" decoding=\"async\" width=\"914\" height=\"534\" src=\"https:\/\/archive.sana.sy\/tr\/wp-content\/uploads\/2019\/07\/001-3.jpg\" class=\"attachment-full size-full\" alt=\"\" srcset=\"https:\/\/archive.sana.sy\/tr\/wp-content\/uploads\/2019\/07\/001-3.jpg 914w, https:\/\/archive.sana.sy\/tr\/wp-content\/uploads\/2019\/07\/001-3-150x88.jpg 150w, https:\/\/archive.sana.sy\/tr\/wp-content\/uploads\/2019\/07\/001-3-300x175.jpg 300w, https:\/\/archive.sana.sy\/tr\/wp-content\/uploads\/2019\/07\/001-3-768x449.jpg 768w\" sizes=\"auto, (max-width: 914px) 100vw, 914px\" \/><\/a>\n\t\t\t<\/div><\/figure><figure class='gallery-item'>\n\t\t\t<div class='gallery-icon landscape'>\n\t\t\t\t<a href='https:\/\/archive.sana.sy\/tr\/wp-content\/uploads\/2019\/07\/04-1.jpg'><img loading=\"lazy\" decoding=\"async\" width=\"667\" height=\"390\" src=\"https:\/\/archive.sana.sy\/tr\/wp-content\/uploads\/2019\/07\/04-1.jpg\" class=\"attachment-full size-full\" alt=\"\" srcset=\"https:\/\/archive.sana.sy\/tr\/wp-content\/uploads\/2019\/07\/04-1.jpg 667w, https:\/\/archive.sana.sy\/tr\/wp-content\/uploads\/2019\/07\/04-1-150x88.jpg 150w, https:\/\/archive.sana.sy\/tr\/wp-content\/uploads\/2019\/07\/04-1-300x175.jpg 300w\" sizes=\"auto, (max-width: 667px) 100vw, 667px\" \/><\/a>\n\t\t\t<\/div><\/figure><figure class='gallery-item'>\n\t\t\t<div class='gallery-icon landscape'>\n\t\t\t\t<a href='https:\/\/archive.sana.sy\/tr\/wp-content\/uploads\/2019\/07\/005.jpg'><img loading=\"lazy\" decoding=\"async\" width=\"914\" height=\"534\" src=\"https:\/\/archive.sana.sy\/tr\/wp-content\/uploads\/2019\/07\/005.jpg\" class=\"attachment-full size-full\" alt=\"\" srcset=\"https:\/\/archive.sana.sy\/tr\/wp-content\/uploads\/2019\/07\/005.jpg 914w, https:\/\/archive.sana.sy\/tr\/wp-content\/uploads\/2019\/07\/005-150x88.jpg 150w, https:\/\/archive.sana.sy\/tr\/wp-content\/uploads\/2019\/07\/005-300x175.jpg 300w, https:\/\/archive.sana.sy\/tr\/wp-content\/uploads\/2019\/07\/005-768x449.jpg 768w\" sizes=\"auto, (max-width: 914px) 100vw, 914px\" \/><\/a>\n\t\t\t<\/div><\/figure><figure class='gallery-item'>\n\t\t\t<div class='gallery-icon landscape'>\n\t\t\t\t<a href='https:\/\/archive.sana.sy\/tr\/wp-content\/uploads\/2019\/07\/006.jpg'><img loading=\"lazy\" decoding=\"async\" width=\"914\" height=\"534\" src=\"https:\/\/archive.sana.sy\/tr\/wp-content\/uploads\/2019\/07\/006.jpg\" class=\"attachment-full size-full\" alt=\"\" srcset=\"https:\/\/archive.sana.sy\/tr\/wp-content\/uploads\/2019\/07\/006.jpg 914w, https:\/\/archive.sana.sy\/tr\/wp-content\/uploads\/2019\/07\/006-150x88.jpg 150w, https:\/\/archive.sana.sy\/tr\/wp-content\/uploads\/2019\/07\/006-300x175.jpg 300w, https:\/\/archive.sana.sy\/tr\/wp-content\/uploads\/2019\/07\/006-768x449.jpg 768w\" sizes=\"auto, (max-width: 914px) 100vw, 914px\" \/><\/a>\n\t\t\t<\/div><\/figure>\n\t\t<\/div>\n\n","protected":false},"excerpt":{"rendered":"<p>HAMA \u2013 Askeri bir kaynak, ter\u00f6re kar\u015f\u0131 s\u00fcrd\u00fcr\u00fclen operasyonlar \u00e7er\u00e7evesinde Hama k\u0131rsal\u0131n\u0131n kuzey bat\u0131s\u0131nda bulunan Tel Malah ve Jibeyn Beldelerinin ter\u00f6r gruplar\u0131ndan tamamen kurtar\u0131ld\u0131klar\u0131n\u0131 belirtti. Askeri kaynak SANA muhabirine yapt\u0131\u011f\u0131 a\u00e7\u0131klamada; Hama k\u0131rsal\u0131n\u0131n kuzey bat\u0131s\u0131nda ter\u00f6re kar\u015f\u0131 m\u00fccadele eden ordu birliklerimizin Tel Malah ve Jibeyn Beldelerini ter\u00f6rden tamamen kurtard\u0131klar\u0131n\u0131 belirtti. Kaynak; iki beldeyi kurtaran ordu &hellip;<\/p>\n","protected":false},"author":1,"featured_media":187099,"comment_status":"closed","ping_status":"closed","sticky":false,"template":"","format":"standard","meta":{"footnotes":""},"categories":[596,479,575,478],"tags":[],"class_list":["post-187098","post","type-post","status-publish","format-standard","has-post-thumbnail","","category-fotografli-raporlar","category-haberler-yerel","category-olaylar-ve-gercekler","category-yerel"],"_links":{"self":[{"href":"https:\/\/archive.sana.sy\/tr\/index.php?rest_route=\/wp\/v2\/posts\/187098","targetHints":{"allow":["GET"]}}],"collection":[{"href":"https:\/\/archive.sana.sy\/tr\/index.php?rest_route=\/wp\/v2\/posts"}],"about":[{"href":"https:\/\/archive.sana.sy\/tr\/index.php?rest_route=\/wp\/v2\/types\/post"}],"author":[{"embeddable":true,"href":"https:\/\/archive.sana.sy\/tr\/index.php?rest_route=\/wp\/v2\/users\/1"}],"replies":[{"embeddable":true,"href":"https:\/\/archive.sana.sy\/tr\/index.php?rest_route=%2Fwp%2Fv2%2Fcomments&post=187098"}],"version-history":[{"count":0,"href":"https:\/\/archive.sana.sy\/tr\/index.php?rest_route=\/wp\/v2\/posts\/187098\/revisions"}],"wp:featuredmedia":[{"embeddable":true,"href":"https:\/\/archive.sana.sy\/tr\/index.php?rest_route=\/wp\/v2\/media\/187099"}],"wp:attachment":[{"href":"https:\/\/archive.sana.sy\/tr\/index.php?rest_route=%2Fwp%2Fv2%2Fmedia&parent=187098"}],"wp:term":[{"taxonomy":"category","embeddable":true,"href":"https:\/\/archive.sana.sy\/tr\/index.php?rest_route=%2Fwp%2Fv2%2Fcategories&post=187098"},{"taxonomy":"post_tag","embeddable":true,"href":"https:\/\/archive.sana.sy\/tr\/index.php?rest_route=%2Fwp%2Fv2%2Ftags&post=187098"}],"curies":[{"name":"wp","href":"https:\/\/api.w.org\/{rel}","templated":true}]}}