{"id":187109,"date":"2019-07-29T15:55:48","date_gmt":"2019-07-29T12:55:48","guid":{"rendered":"http:\/\/www.sana.sy\/tr\/?p=187109"},"modified":"2019-07-30T16:02:34","modified_gmt":"2019-07-30T13:02:34","slug":"facebooktaki-guvenlik-acigini-ortaya-cikardi","status":"publish","type":"post","link":"https:\/\/archive.sana.sy\/tr\/?p=187109","title":{"rendered":"Facebook\u2019taki G\u00fcvenlik A\u00e7\u0131\u011f\u0131n\u0131 Ortaya \u00c7\u0131kard\u0131"},"content":{"rendered":"<p>\u015eAM \u2013 Suriyeli gen\u00e7 Muhammed Ali el Hammad sosyal payla\u015f\u0131m sitelerinden facebook \u00fczerinde bulunan \u00f6nemli bir g\u00fcvenlik a\u00e7\u0131\u011f\u0131n\u0131 tespit etti. <a href=\"http:\/\/www.sana.sy\/tr\/wp-content\/uploads\/2019\/07\/2-13.jpg\"><img loading=\"lazy\" decoding=\"async\" class=\"alignright wp-image-187111 size-medium\" src=\"http:\/\/www.sana.sy\/tr\/wp-content\/uploads\/2019\/07\/2-13-274x300.jpg\" alt=\"\" width=\"274\" height=\"300\" srcset=\"https:\/\/archive.sana.sy\/tr\/wp-content\/uploads\/2019\/07\/2-13-274x300.jpg 274w, https:\/\/archive.sana.sy\/tr\/wp-content\/uploads\/2019\/07\/2-13-137x150.jpg 137w, https:\/\/archive.sana.sy\/tr\/wp-content\/uploads\/2019\/07\/2-13.jpg 660w\" sizes=\"auto, (max-width: 274px) 100vw, 274px\" \/><\/a><\/p>\n<p>Sanal \u00dcniversitede Bili\u015fim Fak\u00fcltesi 4. S\u0131n\u0131f \u00f6\u011frencisi Hammad facebook kullan\u0131c\u0131lar\u0131n\u0131n hesaplar\u0131na ciddi bir tehdit te\u015fkil eden s\u00f6z konusu g\u00fcvenlik a\u00e7\u0131\u011f\u0131n\u0131n kapat\u0131lmas\u0131 amac\u0131yla facebook idaresi ile ileti\u015fime ge\u00e7ip bilgi verdi. Hammad s\u00f6z konusu g\u00fcvenlik a\u00e7\u0131\u011f\u0131n\u0131 tespit etmek i\u00e7in 3 g\u00fcn boyunca gece g\u00fcnd\u00fcz aral\u0131ks\u0131z \u00e7al\u0131\u015ft\u0131\u011f\u0131na dikkat \u00e7ekti.<\/p>\n<p>Bili\u015fim M\u00fchendisi aday\u0131 Hammad internet \u00fczerinde hi\u00e7bir sitenin kesinlikle y\u00fczde y\u00fcz g\u00fcvenli olmad\u0131\u011f\u0131n\u0131 ifade etti.<\/p>\n","protected":false},"excerpt":{"rendered":"<p>\u015eAM \u2013 Suriyeli gen\u00e7 Muhammed Ali el Hammad sosyal payla\u015f\u0131m sitelerinden facebook \u00fczerinde bulunan \u00f6nemli bir g\u00fcvenlik a\u00e7\u0131\u011f\u0131n\u0131 tespit etti. Sanal \u00dcniversitede Bili\u015fim Fak\u00fcltesi 4. S\u0131n\u0131f \u00f6\u011frencisi Hammad facebook kullan\u0131c\u0131lar\u0131n\u0131n hesaplar\u0131na ciddi bir tehdit te\u015fkil eden s\u00f6z konusu g\u00fcvenlik a\u00e7\u0131\u011f\u0131n\u0131n kapat\u0131lmas\u0131 amac\u0131yla facebook idaresi ile ileti\u015fime ge\u00e7ip bilgi verdi. Hammad s\u00f6z konusu g\u00fcvenlik a\u00e7\u0131\u011f\u0131n\u0131 tespit &hellip;<\/p>\n","protected":false},"author":1,"featured_media":187110,"comment_status":"closed","ping_status":"closed","sticky":false,"template":"","format":"standard","meta":{"footnotes":""},"categories":[516,511,17988],"tags":[],"class_list":["post-187109","post","type-post","status-publish","format-standard","has-post-thumbnail","","category-haberler-kultur-ve-sanat","category-kultur-ve-sanat","category-son-haberler"],"_links":{"self":[{"href":"https:\/\/archive.sana.sy\/tr\/index.php?rest_route=\/wp\/v2\/posts\/187109","targetHints":{"allow":["GET"]}}],"collection":[{"href":"https:\/\/archive.sana.sy\/tr\/index.php?rest_route=\/wp\/v2\/posts"}],"about":[{"href":"https:\/\/archive.sana.sy\/tr\/index.php?rest_route=\/wp\/v2\/types\/post"}],"author":[{"embeddable":true,"href":"https:\/\/archive.sana.sy\/tr\/index.php?rest_route=\/wp\/v2\/users\/1"}],"replies":[{"embeddable":true,"href":"https:\/\/archive.sana.sy\/tr\/index.php?rest_route=%2Fwp%2Fv2%2Fcomments&post=187109"}],"version-history":[{"count":0,"href":"https:\/\/archive.sana.sy\/tr\/index.php?rest_route=\/wp\/v2\/posts\/187109\/revisions"}],"wp:featuredmedia":[{"embeddable":true,"href":"https:\/\/archive.sana.sy\/tr\/index.php?rest_route=\/wp\/v2\/media\/187110"}],"wp:attachment":[{"href":"https:\/\/archive.sana.sy\/tr\/index.php?rest_route=%2Fwp%2Fv2%2Fmedia&parent=187109"}],"wp:term":[{"taxonomy":"category","embeddable":true,"href":"https:\/\/archive.sana.sy\/tr\/index.php?rest_route=%2Fwp%2Fv2%2Fcategories&post=187109"},{"taxonomy":"post_tag","embeddable":true,"href":"https:\/\/archive.sana.sy\/tr\/index.php?rest_route=%2Fwp%2Fv2%2Ftags&post=187109"}],"curies":[{"name":"wp","href":"https:\/\/api.w.org\/{rel}","templated":true}]}}