{"id":187113,"date":"2019-07-29T16:01:17","date_gmt":"2019-07-29T13:01:17","guid":{"rendered":"http:\/\/www.sana.sy\/tr\/?p=187113"},"modified":"2019-07-30T16:02:40","modified_gmt":"2019-07-30T13:02:40","slug":"ekonomi-ve-ticari-isbirligi-ufuklari-genisletilecek","status":"publish","type":"post","link":"https:\/\/archive.sana.sy\/tr\/?p=187113","title":{"rendered":"Ekonomi ve Ticari \u0130\u015fbirli\u011fi Ufuklar\u0131 Geni\u015fletilecek"},"content":{"rendered":"<p>\u015eAM \u2013 \u0130\u00e7 Ticaret ve T\u00fcketiciyi Koruma Bakan\u0131 At\u0131f Neddaf bug\u00fcn Rusya Birlik Partisinden bir heyet ile Suriye ve Rusya aras\u0131nda ekonomik ve ticari ili\u015fkileri peki\u015ftirme olanaklar\u0131n\u0131 masaya yat\u0131rd\u0131.<\/p>\n<p>\u0130ki dost \u00fclke aras\u0131nda ortak \u00e7al\u0131\u015fmalar\u0131 peki\u015ftirme \u00f6neminin alt\u0131 \u00e7izildi\u011fi toplant\u0131da; ayn\u0131 zamanda ikili i\u015fbirli\u011fi ve ortak \u00e7al\u0131\u015fma ufuklar\u0131n\u0131 geni\u015fletme gere\u011finde mutabakat kaydedildi.<\/p>\n","protected":false},"excerpt":{"rendered":"<p>\u015eAM \u2013 \u0130\u00e7 Ticaret ve T\u00fcketiciyi Koruma Bakan\u0131 At\u0131f Neddaf bug\u00fcn Rusya Birlik Partisinden bir heyet ile Suriye ve Rusya aras\u0131nda ekonomik ve ticari ili\u015fkileri peki\u015ftirme olanaklar\u0131n\u0131 masaya yat\u0131rd\u0131. \u0130ki dost \u00fclke aras\u0131nda ortak \u00e7al\u0131\u015fmalar\u0131 peki\u015ftirme \u00f6neminin alt\u0131 \u00e7izildi\u011fi toplant\u0131da; ayn\u0131 zamanda ikili i\u015fbirli\u011fi ve ortak \u00e7al\u0131\u015fma ufuklar\u0131n\u0131 geni\u015fletme gere\u011finde mutabakat kaydedildi.<\/p>\n","protected":false},"author":1,"featured_media":187114,"comment_status":"closed","ping_status":"closed","sticky":false,"template":"","format":"standard","meta":{"footnotes":""},"categories":[485,486,479,17988,478],"tags":[],"class_list":["post-187113","post","type-post","status-publish","format-standard","has-post-thumbnail","","category-is-ve-sermaye","category-haberler-is-ve-sermaye","category-haberler-yerel","category-son-haberler","category-yerel"],"_links":{"self":[{"href":"https:\/\/archive.sana.sy\/tr\/index.php?rest_route=\/wp\/v2\/posts\/187113","targetHints":{"allow":["GET"]}}],"collection":[{"href":"https:\/\/archive.sana.sy\/tr\/index.php?rest_route=\/wp\/v2\/posts"}],"about":[{"href":"https:\/\/archive.sana.sy\/tr\/index.php?rest_route=\/wp\/v2\/types\/post"}],"author":[{"embeddable":true,"href":"https:\/\/archive.sana.sy\/tr\/index.php?rest_route=\/wp\/v2\/users\/1"}],"replies":[{"embeddable":true,"href":"https:\/\/archive.sana.sy\/tr\/index.php?rest_route=%2Fwp%2Fv2%2Fcomments&post=187113"}],"version-history":[{"count":0,"href":"https:\/\/archive.sana.sy\/tr\/index.php?rest_route=\/wp\/v2\/posts\/187113\/revisions"}],"wp:featuredmedia":[{"embeddable":true,"href":"https:\/\/archive.sana.sy\/tr\/index.php?rest_route=\/wp\/v2\/media\/187114"}],"wp:attachment":[{"href":"https:\/\/archive.sana.sy\/tr\/index.php?rest_route=%2Fwp%2Fv2%2Fmedia&parent=187113"}],"wp:term":[{"taxonomy":"category","embeddable":true,"href":"https:\/\/archive.sana.sy\/tr\/index.php?rest_route=%2Fwp%2Fv2%2Fcategories&post=187113"},{"taxonomy":"post_tag","embeddable":true,"href":"https:\/\/archive.sana.sy\/tr\/index.php?rest_route=%2Fwp%2Fv2%2Ftags&post=187113"}],"curies":[{"name":"wp","href":"https:\/\/api.w.org\/{rel}","templated":true}]}}