{"id":187209,"date":"2019-07-30T12:00:00","date_gmt":"2019-07-30T09:00:00","guid":{"rendered":"http:\/\/www.sana.sy\/tr\/?p=187209"},"modified":"2019-07-31T15:00:10","modified_gmt":"2019-07-31T12:00:10","slug":"israil-kuduste-yeni-koloni-planlari-ilan-etti","status":"publish","type":"post","link":"https:\/\/archive.sana.sy\/tr\/?p=187209","title":{"rendered":"\u0130srail Kud\u00fcs\u2019te Yeni Koloni Planlar\u0131 \u0130lan Etti"},"content":{"rendered":"<p>KUD\u00dcS \u2013 \u0130\u015fgalci \u0130srail otoriteleri Kud\u00fcs Kentini Yahudile\u015ftirme ve i\u015fgalini peki\u015ftirme amac\u0131yla Filistinlilerden gasp etti\u011fi topraklar \u00fczerinde yeni yerle\u015fim kolonileri in\u015fa etme plan\u0131n\u0131 ilan etti.<\/p>\n<p>Filistinli Maa Haber Ajans\u0131 i\u015fgal otoritelerinin Kud\u00fcs Kentinin kuzeybat\u0131s\u0131nda gasp etti\u011fi Filistinli topraklar \u00fczerinde 2 binden fazla yeni Yahudi yerle\u015fim birimi in\u015fa etme plan\u0131 ilan etti\u011fini aktard\u0131.<\/p>\n<p>Birle\u015fmi\u015f milletler G\u00fcvenlik Konseyi 2334 ve 2016 say\u0131l\u0131 kararlar\u0131 ba\u015fta olmak \u00fczere bir\u00e7ok karar\u0131nda i\u015fgalci \u0130srail&#8217;in gasp etti\u011fi Filistin topraklar\u0131 \u00fczerinden Yahudi yerle\u015fim birimleri in\u015fa etmeye son vermesini talep etmektedir.<\/p>\n","protected":false},"excerpt":{"rendered":"<p>KUD\u00dcS \u2013 \u0130\u015fgalci \u0130srail otoriteleri Kud\u00fcs Kentini Yahudile\u015ftirme ve i\u015fgalini peki\u015ftirme amac\u0131yla Filistinlilerden gasp etti\u011fi topraklar \u00fczerinde yeni yerle\u015fim kolonileri in\u015fa etme plan\u0131n\u0131 ilan etti. Filistinli Maa Haber Ajans\u0131 i\u015fgal otoritelerinin Kud\u00fcs Kentinin kuzeybat\u0131s\u0131nda gasp etti\u011fi Filistinli topraklar \u00fczerinde 2 binden fazla yeni Yahudi yerle\u015fim birimi in\u015fa etme plan\u0131 ilan etti\u011fini aktard\u0131. Birle\u015fmi\u015f milletler G\u00fcvenlik &hellip;<\/p>\n","protected":false},"author":1,"featured_media":187210,"comment_status":"closed","ping_status":"closed","sticky":false,"template":"","format":"standard","meta":{"footnotes":""},"categories":[458,459,17988],"tags":[],"class_list":["post-187209","post","type-post","status-publish","format-standard","has-post-thumbnail","","category-dunya1","category-haberler-arap-uluslararasi-politika","category-son-haberler"],"_links":{"self":[{"href":"https:\/\/archive.sana.sy\/tr\/index.php?rest_route=\/wp\/v2\/posts\/187209","targetHints":{"allow":["GET"]}}],"collection":[{"href":"https:\/\/archive.sana.sy\/tr\/index.php?rest_route=\/wp\/v2\/posts"}],"about":[{"href":"https:\/\/archive.sana.sy\/tr\/index.php?rest_route=\/wp\/v2\/types\/post"}],"author":[{"embeddable":true,"href":"https:\/\/archive.sana.sy\/tr\/index.php?rest_route=\/wp\/v2\/users\/1"}],"replies":[{"embeddable":true,"href":"https:\/\/archive.sana.sy\/tr\/index.php?rest_route=%2Fwp%2Fv2%2Fcomments&post=187209"}],"version-history":[{"count":0,"href":"https:\/\/archive.sana.sy\/tr\/index.php?rest_route=\/wp\/v2\/posts\/187209\/revisions"}],"wp:featuredmedia":[{"embeddable":true,"href":"https:\/\/archive.sana.sy\/tr\/index.php?rest_route=\/wp\/v2\/media\/187210"}],"wp:attachment":[{"href":"https:\/\/archive.sana.sy\/tr\/index.php?rest_route=%2Fwp%2Fv2%2Fmedia&parent=187209"}],"wp:term":[{"taxonomy":"category","embeddable":true,"href":"https:\/\/archive.sana.sy\/tr\/index.php?rest_route=%2Fwp%2Fv2%2Fcategories&post=187209"},{"taxonomy":"post_tag","embeddable":true,"href":"https:\/\/archive.sana.sy\/tr\/index.php?rest_route=%2Fwp%2Fv2%2Ftags&post=187209"}],"curies":[{"name":"wp","href":"https:\/\/api.w.org\/{rel}","templated":true}]}}