{"id":187378,"date":"2019-08-01T12:00:17","date_gmt":"2019-08-01T09:00:17","guid":{"rendered":"http:\/\/www.sana.sy\/tr\/?p=187378"},"modified":"2019-08-02T14:08:56","modified_gmt":"2019-08-02T11:08:56","slug":"el-esad-ordunun-bayramini-kutladi","status":"publish","type":"post","link":"https:\/\/archive.sana.sy\/tr\/?p=187378","title":{"rendered":"El Esad Ordunun Bayram\u0131n\u0131 Kutlad\u0131"},"content":{"rendered":"<p>\u015eAM \u2013 Ordu ve Silahl\u0131 Kuvvetler Genel Komutan\u0131 Orgeneral Be\u015f\u015far el Esad kahraman Suriye ordusunun 74. Kurulu\u015f y\u0131ld\u00f6n\u00fcm\u00fc m\u00fcnasebetiyle Halk Ordusu Dergisi \u00fczerinden vatan koruyucular\u0131m\u0131za bir mesaj y\u00f6nlendirdi.<\/p>\n<p>El Esad vatan koruyucular\u0131 kahraman ordu birliklerimizin ordu bayram\u0131n\u0131 kutlad\u0131. Suriye ordusunun Suriye ve halk\u0131na y\u00f6nelik sekiz y\u0131ld\u0131r devam eden muhtelif y\u00f6nl\u00fc sava\u015fta Suriye ve halk\u0131n\u0131 kahramanca savundu\u011funu belirten el Esad; ordunun bu sava\u015fta uluslararas\u0131 g\u00fc\u00e7lerin edat olarak kulland\u0131klar\u0131 ter\u00f6re kar\u015f\u0131 vatan\u0131 sorumluluk, duyarl\u0131l\u0131k ve kahramanl\u0131kla savunduklar\u0131n\u0131n alt\u0131n\u0131 \u00e7izdi.<\/p>\n<p>Ordu ve Silahl\u0131 Kuvvetler Genel Komutan\u0131 el Esad; Suriye ordusunun ter\u00f6re kar\u015f\u0131 sava\u015fta onurlu her insan\u0131 savundu\u011funu, hegemonya ve s\u00f6m\u00fcr\u00fc planlar\u0131n\u0131 \u00e7\u00f6kertti\u011fini ifade etti.<\/p>\n<p>Suriye ordusunun Suriye ve Suriyelilere kar\u015f\u0131 dayat\u0131lan sava\u015f ve ter\u00f6re kar\u015f\u0131 verdi\u011fi m\u00fccadelenin onurlu bir m\u00fccadele oldu\u011funu belirten el Esad; bu sava\u015fta kaydetti\u011fi \u015fanl\u0131 zaferlerin de t\u00fcm Suriyelileri onurland\u0131rd\u0131\u011f\u0131n\u0131 kaydetti.<\/p>\n<p>Cumhurba\u015fkan\u0131 el Esad meydanlar\u0131n Suriye ordusunun \u015fanl\u0131 destanlar\u0131 ve kahramanl\u0131klar\u0131na tan\u0131k oldu\u011funu belirtirken; dost ve d\u00fc\u015fman herkesin bu zaferleri itiraf etti\u011fine dikkat \u00e7ekti.<\/p>\n<p>Mesaj\u0131n\u0131n sonunda vatan koruyucular\u0131m\u0131z\u0131n ordu bayram\u0131n\u0131 bir kez daha kutlay\u0131p g\u00fczel temennilerini ifade eden el Esad; Suriye ve Suriyelilerin ordu birliklerimize tam g\u00fcveninin alt\u0131n\u0131 \u00e7izdi.<\/p>\n","protected":false},"excerpt":{"rendered":"<p>\u015eAM \u2013 Ordu ve Silahl\u0131 Kuvvetler Genel Komutan\u0131 Orgeneral Be\u015f\u015far el Esad kahraman Suriye ordusunun 74. Kurulu\u015f y\u0131ld\u00f6n\u00fcm\u00fc m\u00fcnasebetiyle Halk Ordusu Dergisi \u00fczerinden vatan koruyucular\u0131m\u0131za bir mesaj y\u00f6nlendirdi. El Esad vatan koruyucular\u0131 kahraman ordu birliklerimizin ordu bayram\u0131n\u0131 kutlad\u0131. Suriye ordusunun Suriye ve halk\u0131na y\u00f6nelik sekiz y\u0131ld\u0131r devam eden muhtelif y\u00f6nl\u00fc sava\u015fta Suriye ve halk\u0131n\u0131 kahramanca &hellip;<\/p>\n","protected":false},"author":1,"featured_media":187379,"comment_status":"closed","ping_status":"closed","sticky":false,"template":"","format":"standard","meta":{"footnotes":""},"categories":[479,609,605,17988,478],"tags":[],"class_list":["post-187378","post","type-post","status-publish","format-standard","has-post-thumbnail","","category-haberler-yerel","category-konusmalar","category-sayin-cumhurbaskani","category-son-haberler","category-yerel"],"_links":{"self":[{"href":"https:\/\/archive.sana.sy\/tr\/index.php?rest_route=\/wp\/v2\/posts\/187378","targetHints":{"allow":["GET"]}}],"collection":[{"href":"https:\/\/archive.sana.sy\/tr\/index.php?rest_route=\/wp\/v2\/posts"}],"about":[{"href":"https:\/\/archive.sana.sy\/tr\/index.php?rest_route=\/wp\/v2\/types\/post"}],"author":[{"embeddable":true,"href":"https:\/\/archive.sana.sy\/tr\/index.php?rest_route=\/wp\/v2\/users\/1"}],"replies":[{"embeddable":true,"href":"https:\/\/archive.sana.sy\/tr\/index.php?rest_route=%2Fwp%2Fv2%2Fcomments&post=187378"}],"version-history":[{"count":0,"href":"https:\/\/archive.sana.sy\/tr\/index.php?rest_route=\/wp\/v2\/posts\/187378\/revisions"}],"wp:featuredmedia":[{"embeddable":true,"href":"https:\/\/archive.sana.sy\/tr\/index.php?rest_route=\/wp\/v2\/media\/187379"}],"wp:attachment":[{"href":"https:\/\/archive.sana.sy\/tr\/index.php?rest_route=%2Fwp%2Fv2%2Fmedia&parent=187378"}],"wp:term":[{"taxonomy":"category","embeddable":true,"href":"https:\/\/archive.sana.sy\/tr\/index.php?rest_route=%2Fwp%2Fv2%2Fcategories&post=187378"},{"taxonomy":"post_tag","embeddable":true,"href":"https:\/\/archive.sana.sy\/tr\/index.php?rest_route=%2Fwp%2Fv2%2Ftags&post=187378"}],"curies":[{"name":"wp","href":"https:\/\/api.w.org\/{rel}","templated":true}]}}