{"id":187451,"date":"2019-08-02T13:57:36","date_gmt":"2019-08-02T10:57:36","guid":{"rendered":"http:\/\/www.sana.sy\/tr\/?p=187451"},"modified":"2019-08-02T13:57:36","modified_gmt":"2019-08-02T10:57:36","slug":"lavrentev-suriyede-yabanci-guclerin-gayri-mesru-varligina-son-vermelidir","status":"publish","type":"post","link":"https:\/\/archive.sana.sy\/tr\/?p=187451","title":{"rendered":"Lavrentev: Suriye\u2019de yabanc\u0131 g\u00fc\u00e7lerin gayri me\u015fru varl\u0131\u011f\u0131na son vermelidir"},"content":{"rendered":"<p>Lavrentev: Suriye\u2019de yabanc\u0131 g\u00fc\u00e7lerin gayri me\u015fru varl\u0131\u011f\u0131na son vermelidir<\/p>\n","protected":false},"excerpt":{"rendered":"<p>Lavrentev: Suriye\u2019de yabanc\u0131 g\u00fc\u00e7lerin gayri me\u015fru varl\u0131\u011f\u0131na son vermelidir<\/p>\n","protected":false},"author":1,"featured_media":0,"comment_status":"closed","ping_status":"closed","sticky":false,"template":"","format":"standard","meta":{"footnotes":""},"categories":[17991],"tags":[],"class_list":["post-187451","post","type-post","status-publish","format-standard","","category-son-dakika"],"_links":{"self":[{"href":"https:\/\/archive.sana.sy\/tr\/index.php?rest_route=\/wp\/v2\/posts\/187451","targetHints":{"allow":["GET"]}}],"collection":[{"href":"https:\/\/archive.sana.sy\/tr\/index.php?rest_route=\/wp\/v2\/posts"}],"about":[{"href":"https:\/\/archive.sana.sy\/tr\/index.php?rest_route=\/wp\/v2\/types\/post"}],"author":[{"embeddable":true,"href":"https:\/\/archive.sana.sy\/tr\/index.php?rest_route=\/wp\/v2\/users\/1"}],"replies":[{"embeddable":true,"href":"https:\/\/archive.sana.sy\/tr\/index.php?rest_route=%2Fwp%2Fv2%2Fcomments&post=187451"}],"version-history":[{"count":0,"href":"https:\/\/archive.sana.sy\/tr\/index.php?rest_route=\/wp\/v2\/posts\/187451\/revisions"}],"wp:attachment":[{"href":"https:\/\/archive.sana.sy\/tr\/index.php?rest_route=%2Fwp%2Fv2%2Fmedia&parent=187451"}],"wp:term":[{"taxonomy":"category","embeddable":true,"href":"https:\/\/archive.sana.sy\/tr\/index.php?rest_route=%2Fwp%2Fv2%2Fcategories&post=187451"},{"taxonomy":"post_tag","embeddable":true,"href":"https:\/\/archive.sana.sy\/tr\/index.php?rest_route=%2Fwp%2Fv2%2Ftags&post=187451"}],"curies":[{"name":"wp","href":"https:\/\/api.w.org\/{rel}","templated":true}]}}