{"id":187687,"date":"2019-08-05T15:49:08","date_gmt":"2019-08-05T12:49:08","guid":{"rendered":"http:\/\/www.sana.sy\/tr\/?p=187687"},"modified":"2019-08-05T15:49:08","modified_gmt":"2019-08-05T12:49:08","slug":"ordu-ve-silahli-kuvvetler-genel-komutanligi-ordu-ve-silahli-kuvvetlerimizin-idlibte-catismalarin-durdurulmasini-kabul-etmelerine-ragmen-turkiye-rejiminin-destekledigi-teror-orgutlerin-civarda","status":"publish","type":"post","link":"https:\/\/archive.sana.sy\/tr\/?p=187687","title":{"rendered":"Ordu ve Silahl\u0131 Kuvvetler Genel Komutanl\u0131\u011f\u0131 Ordu ve Silahl\u0131 Kuvvetlerimizin \u0130dlib\u2019te \u00e7at\u0131\u015fmalar\u0131n durdurulmas\u0131n\u0131 kabul etmelerine ra\u011fmen T\u00fcrkiye rejiminin destekledi\u011fi ter\u00f6r \u00f6rg\u00fctlerin civarda bulunan g\u00fcvenli b\u00f6lgelerde sivillere kar\u015f\u0131 gaddar sald\u0131r\u0131lar\u0131n\u0131 s\u00fcrd\u00fcrd\u00fcklerini belirtti."},"content":{"rendered":"<p>Ordu ve Silahl\u0131 Kuvvetler Genel Komutanl\u0131\u011f\u0131 Ordu ve Silahl\u0131 Kuvvetlerimizin \u0130dlib\u2019te \u00e7at\u0131\u015fmalar\u0131n durdurulmas\u0131n\u0131 kabul etmelerine ra\u011fmen T\u00fcrkiye rejiminin destekledi\u011fi ter\u00f6r \u00f6rg\u00fctlerin civarda bulunan g\u00fcvenli b\u00f6lgelerde sivillere kar\u015f\u0131 gaddar sald\u0131r\u0131lar\u0131n\u0131 s\u00fcrd\u00fcrd\u00fcklerini belirtti.<\/p>\n","protected":false},"excerpt":{"rendered":"<p>Ordu ve Silahl\u0131 Kuvvetler Genel Komutanl\u0131\u011f\u0131 Ordu ve Silahl\u0131 Kuvvetlerimizin \u0130dlib\u2019te \u00e7at\u0131\u015fmalar\u0131n durdurulmas\u0131n\u0131 kabul etmelerine ra\u011fmen T\u00fcrkiye rejiminin destekledi\u011fi ter\u00f6r \u00f6rg\u00fctlerin civarda bulunan g\u00fcvenli b\u00f6lgelerde sivillere kar\u015f\u0131 gaddar sald\u0131r\u0131lar\u0131n\u0131 s\u00fcrd\u00fcrd\u00fcklerini belirtti.<\/p>\n","protected":false},"author":1,"featured_media":0,"comment_status":"closed","ping_status":"closed","sticky":false,"template":"","format":"standard","meta":{"footnotes":""},"categories":[17991],"tags":[],"class_list":["post-187687","post","type-post","status-publish","format-standard","","category-son-dakika"],"_links":{"self":[{"href":"https:\/\/archive.sana.sy\/tr\/index.php?rest_route=\/wp\/v2\/posts\/187687","targetHints":{"allow":["GET"]}}],"collection":[{"href":"https:\/\/archive.sana.sy\/tr\/index.php?rest_route=\/wp\/v2\/posts"}],"about":[{"href":"https:\/\/archive.sana.sy\/tr\/index.php?rest_route=\/wp\/v2\/types\/post"}],"author":[{"embeddable":true,"href":"https:\/\/archive.sana.sy\/tr\/index.php?rest_route=\/wp\/v2\/users\/1"}],"replies":[{"embeddable":true,"href":"https:\/\/archive.sana.sy\/tr\/index.php?rest_route=%2Fwp%2Fv2%2Fcomments&post=187687"}],"version-history":[{"count":0,"href":"https:\/\/archive.sana.sy\/tr\/index.php?rest_route=\/wp\/v2\/posts\/187687\/revisions"}],"wp:attachment":[{"href":"https:\/\/archive.sana.sy\/tr\/index.php?rest_route=%2Fwp%2Fv2%2Fmedia&parent=187687"}],"wp:term":[{"taxonomy":"category","embeddable":true,"href":"https:\/\/archive.sana.sy\/tr\/index.php?rest_route=%2Fwp%2Fv2%2Fcategories&post=187687"},{"taxonomy":"post_tag","embeddable":true,"href":"https:\/\/archive.sana.sy\/tr\/index.php?rest_route=%2Fwp%2Fv2%2Ftags&post=187687"}],"curies":[{"name":"wp","href":"https:\/\/api.w.org\/{rel}","templated":true}]}}