{"id":187691,"date":"2019-08-05T12:15:56","date_gmt":"2019-08-05T09:15:56","guid":{"rendered":"http:\/\/www.sana.sy\/tr\/?p=187691"},"modified":"2019-08-05T13:00:25","modified_gmt":"2019-08-05T10:00:25","slug":"hama-kirsalinin-kuzeybatisinda-tel-milh-ve-cbiyn-beldelerinde-arama-tarama-operasyonlar-sirasinda-teroristlerden-kalma-farkli-tur-silah-ve-muhimmatin-ele-gecirildi-video","status":"publish","type":"post","link":"https:\/\/archive.sana.sy\/tr\/?p=187691","title":{"rendered":"Hama k\u0131rsal\u0131n\u0131n kuzeybat\u0131s\u0131nda Tel Milh ve Cbiyn beldelerinde arama tarama operasyonlar s\u0131ras\u0131nda ter\u00f6ristlerden kalma farkl\u0131 t\u00fcr silah ve m\u00fchimmat\u0131n ele ge\u00e7irildi"},"content":{"rendered":"<p>Hama k\u0131rsal\u0131n\u0131n kuzeybat\u0131s\u0131nda Tel Milh ve Cbiyn beldelerinde arama tarama operasyonlar s\u0131ras\u0131nda ter\u00f6ristlerden kalma farkl\u0131 t\u00fcr silah ve m\u00fchimmat\u0131n ele ge\u00e7irildi<\/p>\n<p><a href=\"https:\/\/www.youtube.com\/watch?v=WoGQxa9UDl4\" target=\"_blank\" rel=\"noopener noreferrer\">https:\/\/www.youtube.com\/watch?v=WoGQxa9UDl4<\/a><\/p>\n","protected":false},"excerpt":{"rendered":"<p>Hama k\u0131rsal\u0131n\u0131n kuzeybat\u0131s\u0131nda Tel Milh ve Cbiyn beldelerinde arama tarama operasyonlar s\u0131ras\u0131nda ter\u00f6ristlerden kalma farkl\u0131 t\u00fcr silah ve m\u00fchimmat\u0131n ele ge\u00e7irildi https:\/\/www.youtube.com\/watch?v=WoGQxa9UDl4<\/p>\n","protected":false},"author":1,"featured_media":187693,"comment_status":"closed","ping_status":"closed","sticky":false,"template":"","format":"standard","meta":{"footnotes":""},"categories":[18295],"tags":[],"class_list":["post-187691","post","type-post","status-publish","format-standard","has-post-thumbnail","","category-sana-video"],"_links":{"self":[{"href":"https:\/\/archive.sana.sy\/tr\/index.php?rest_route=\/wp\/v2\/posts\/187691","targetHints":{"allow":["GET"]}}],"collection":[{"href":"https:\/\/archive.sana.sy\/tr\/index.php?rest_route=\/wp\/v2\/posts"}],"about":[{"href":"https:\/\/archive.sana.sy\/tr\/index.php?rest_route=\/wp\/v2\/types\/post"}],"author":[{"embeddable":true,"href":"https:\/\/archive.sana.sy\/tr\/index.php?rest_route=\/wp\/v2\/users\/1"}],"replies":[{"embeddable":true,"href":"https:\/\/archive.sana.sy\/tr\/index.php?rest_route=%2Fwp%2Fv2%2Fcomments&post=187691"}],"version-history":[{"count":0,"href":"https:\/\/archive.sana.sy\/tr\/index.php?rest_route=\/wp\/v2\/posts\/187691\/revisions"}],"wp:featuredmedia":[{"embeddable":true,"href":"https:\/\/archive.sana.sy\/tr\/index.php?rest_route=\/wp\/v2\/media\/187693"}],"wp:attachment":[{"href":"https:\/\/archive.sana.sy\/tr\/index.php?rest_route=%2Fwp%2Fv2%2Fmedia&parent=187691"}],"wp:term":[{"taxonomy":"category","embeddable":true,"href":"https:\/\/archive.sana.sy\/tr\/index.php?rest_route=%2Fwp%2Fv2%2Fcategories&post=187691"},{"taxonomy":"post_tag","embeddable":true,"href":"https:\/\/archive.sana.sy\/tr\/index.php?rest_route=%2Fwp%2Fv2%2Ftags&post=187691"}],"curies":[{"name":"wp","href":"https:\/\/api.w.org\/{rel}","templated":true}]}}