{"id":187715,"date":"2019-08-05T15:01:31","date_gmt":"2019-08-05T12:01:31","guid":{"rendered":"http:\/\/www.sana.sy\/tr\/?p=187715"},"modified":"2019-08-06T14:53:50","modified_gmt":"2019-08-06T11:53:50","slug":"kamisli-hastanesi-13-ton-teslim-aldi","status":"publish","type":"post","link":"https:\/\/archive.sana.sy\/tr\/?p=187715","title":{"rendered":"Kam\u0131\u015fl\u0131 Hastanesi 13 Ton Teslim Ald\u0131"},"content":{"rendered":"<p>HASEKE \u2013 Haseke \u0130line tabi Kam\u0131\u015fl\u0131 Kentindeki Kam\u0131\u015fl\u0131 Devlet Hastanesi Sa\u011fl\u0131k Bakanl\u0131\u011f\u0131n\u0131n son olarak kendisine g\u00f6nderdi\u011fi 13 ton ilac\u0131 teslim ald\u0131.<\/p>\n<p>Kam\u0131\u015fl\u0131 Hastanesi Genel M\u00fcd\u00fcr\u00fc \u00d6mer el Ak\u00fcb SANA muhabirine yapt\u0131\u011f\u0131 a\u00e7\u0131klamada; Sa\u011fl\u0131k Bakanl\u0131\u011f\u0131 taraf\u0131ndan hastaneye g\u00f6nderilen yeni parti ila\u00e7lar\u0131n teslim al\u0131nd\u0131\u011f\u0131n\u0131 belirtti. Ak\u00fcb teslim al\u0131nan yeni ila\u00e7 partisinde acil ve kronik hastal\u0131klar dahil hastanenin verdi\u011fi t\u00fcm hizmetlere uygun ila\u00e7lar\u0131n bulundu\u011funa dikkat \u00e7ekti.<\/p>\n<p>Ak\u00fcb Kam\u0131\u015fl\u0131 Hastanesinin Haseke ili genelinde geni\u015f b\u00f6lgelerden vatanda\u015flara gayet \u00f6nemli ve nitelikli sa\u011fl\u0131k hizmetleri takdim etti\u011fini belirtti.<\/p>\n","protected":false},"excerpt":{"rendered":"<p>HASEKE \u2013 Haseke \u0130line tabi Kam\u0131\u015fl\u0131 Kentindeki Kam\u0131\u015fl\u0131 Devlet Hastanesi Sa\u011fl\u0131k Bakanl\u0131\u011f\u0131n\u0131n son olarak kendisine g\u00f6nderdi\u011fi 13 ton ilac\u0131 teslim ald\u0131. Kam\u0131\u015fl\u0131 Hastanesi Genel M\u00fcd\u00fcr\u00fc \u00d6mer el Ak\u00fcb SANA muhabirine yapt\u0131\u011f\u0131 a\u00e7\u0131klamada; Sa\u011fl\u0131k Bakanl\u0131\u011f\u0131 taraf\u0131ndan hastaneye g\u00f6nderilen yeni parti ila\u00e7lar\u0131n teslim al\u0131nd\u0131\u011f\u0131n\u0131 belirtti. Ak\u00fcb teslim al\u0131nan yeni ila\u00e7 partisinde acil ve kronik hastal\u0131klar dahil hastanenin &hellip;<\/p>\n","protected":false},"author":1,"featured_media":187716,"comment_status":"closed","ping_status":"closed","sticky":false,"template":"","format":"standard","meta":{"footnotes":""},"categories":[479,17988,478],"tags":[],"class_list":["post-187715","post","type-post","status-publish","format-standard","has-post-thumbnail","","category-haberler-yerel","category-son-haberler","category-yerel"],"_links":{"self":[{"href":"https:\/\/archive.sana.sy\/tr\/index.php?rest_route=\/wp\/v2\/posts\/187715","targetHints":{"allow":["GET"]}}],"collection":[{"href":"https:\/\/archive.sana.sy\/tr\/index.php?rest_route=\/wp\/v2\/posts"}],"about":[{"href":"https:\/\/archive.sana.sy\/tr\/index.php?rest_route=\/wp\/v2\/types\/post"}],"author":[{"embeddable":true,"href":"https:\/\/archive.sana.sy\/tr\/index.php?rest_route=\/wp\/v2\/users\/1"}],"replies":[{"embeddable":true,"href":"https:\/\/archive.sana.sy\/tr\/index.php?rest_route=%2Fwp%2Fv2%2Fcomments&post=187715"}],"version-history":[{"count":0,"href":"https:\/\/archive.sana.sy\/tr\/index.php?rest_route=\/wp\/v2\/posts\/187715\/revisions"}],"wp:featuredmedia":[{"embeddable":true,"href":"https:\/\/archive.sana.sy\/tr\/index.php?rest_route=\/wp\/v2\/media\/187716"}],"wp:attachment":[{"href":"https:\/\/archive.sana.sy\/tr\/index.php?rest_route=%2Fwp%2Fv2%2Fmedia&parent=187715"}],"wp:term":[{"taxonomy":"category","embeddable":true,"href":"https:\/\/archive.sana.sy\/tr\/index.php?rest_route=%2Fwp%2Fv2%2Fcategories&post=187715"},{"taxonomy":"post_tag","embeddable":true,"href":"https:\/\/archive.sana.sy\/tr\/index.php?rest_route=%2Fwp%2Fv2%2Ftags&post=187715"}],"curies":[{"name":"wp","href":"https:\/\/api.w.org\/{rel}","templated":true}]}}