{"id":187718,"date":"2019-08-05T15:08:50","date_gmt":"2019-08-05T12:08:50","guid":{"rendered":"http:\/\/www.sana.sy\/tr\/?p=187718"},"modified":"2019-08-06T14:53:53","modified_gmt":"2019-08-06T11:53:53","slug":"hamada-sanayi-odasi-genisletiliyor","status":"publish","type":"post","link":"https:\/\/archive.sana.sy\/tr\/?p=187718","title":{"rendered":"Hama\u2019da Sanayi Odas\u0131 Geni\u015fletiliyor"},"content":{"rendered":"<p>HAMA \u2013 Hama Kentinde organize sanayi b\u00f6lgesinin geni\u015fletilme \u00e7al\u0131\u015fmalar\u0131 kapsam\u0131nda sanayi ve zanaat kurumlar\u0131 i\u00e7in tahsis edilen 300 yeni parselden 250\u2019si sahiplerine teslim edildi.<\/p>\n<p>Hama \u0130l Sanayi Odas\u0131 Ba\u015fkan\u0131 Ziyad Arbo SANA\u2019ya yapt\u0131\u011f\u0131 a\u00e7\u0131klamada; Hama \u0130li genelinde sanayi ve zanaat sekt\u00f6rlerini geli\u015ftirme ve kalk\u0131nd\u0131rma amac\u0131yla bir dizi icraat\u0131n al\u0131nd\u0131\u011f\u0131n\u0131 ifade etti. Arbo bu ba\u011flamda sanayi b\u00f6lgelerinin geni\u015fletildiklerini, hem sanayi hem de zanaat sekt\u00f6rlerinde \u00fcretimin artt\u0131r\u0131lmaya \u00e7al\u0131\u015f\u0131ld\u0131\u011f\u0131na dikkat \u00e7ekti.<\/p>\n<p>Hama \u0130linde sanayi sekt\u00f6r\u00fcn\u00fcn canlanmakta ve \u00f6nemli bir hareketlilik kazanmakta oldu\u011funu ifade eden Arbo; farkl\u0131 sekt\u00f6rlere de yay\u0131lmakta oldu\u011funu kaydetti.<\/p>\n","protected":false},"excerpt":{"rendered":"<p>HAMA \u2013 Hama Kentinde organize sanayi b\u00f6lgesinin geni\u015fletilme \u00e7al\u0131\u015fmalar\u0131 kapsam\u0131nda sanayi ve zanaat kurumlar\u0131 i\u00e7in tahsis edilen 300 yeni parselden 250\u2019si sahiplerine teslim edildi. Hama \u0130l Sanayi Odas\u0131 Ba\u015fkan\u0131 Ziyad Arbo SANA\u2019ya yapt\u0131\u011f\u0131 a\u00e7\u0131klamada; Hama \u0130li genelinde sanayi ve zanaat sekt\u00f6rlerini geli\u015ftirme ve kalk\u0131nd\u0131rma amac\u0131yla bir dizi icraat\u0131n al\u0131nd\u0131\u011f\u0131n\u0131 ifade etti. Arbo bu ba\u011flamda sanayi &hellip;<\/p>\n","protected":false},"author":1,"featured_media":187719,"comment_status":"closed","ping_status":"closed","sticky":false,"template":"","format":"standard","meta":{"footnotes":""},"categories":[485,486,479,17988,478],"tags":[],"class_list":["post-187718","post","type-post","status-publish","format-standard","has-post-thumbnail","","category-is-ve-sermaye","category-haberler-is-ve-sermaye","category-haberler-yerel","category-son-haberler","category-yerel"],"_links":{"self":[{"href":"https:\/\/archive.sana.sy\/tr\/index.php?rest_route=\/wp\/v2\/posts\/187718","targetHints":{"allow":["GET"]}}],"collection":[{"href":"https:\/\/archive.sana.sy\/tr\/index.php?rest_route=\/wp\/v2\/posts"}],"about":[{"href":"https:\/\/archive.sana.sy\/tr\/index.php?rest_route=\/wp\/v2\/types\/post"}],"author":[{"embeddable":true,"href":"https:\/\/archive.sana.sy\/tr\/index.php?rest_route=\/wp\/v2\/users\/1"}],"replies":[{"embeddable":true,"href":"https:\/\/archive.sana.sy\/tr\/index.php?rest_route=%2Fwp%2Fv2%2Fcomments&post=187718"}],"version-history":[{"count":0,"href":"https:\/\/archive.sana.sy\/tr\/index.php?rest_route=\/wp\/v2\/posts\/187718\/revisions"}],"wp:featuredmedia":[{"embeddable":true,"href":"https:\/\/archive.sana.sy\/tr\/index.php?rest_route=\/wp\/v2\/media\/187719"}],"wp:attachment":[{"href":"https:\/\/archive.sana.sy\/tr\/index.php?rest_route=%2Fwp%2Fv2%2Fmedia&parent=187718"}],"wp:term":[{"taxonomy":"category","embeddable":true,"href":"https:\/\/archive.sana.sy\/tr\/index.php?rest_route=%2Fwp%2Fv2%2Fcategories&post=187718"},{"taxonomy":"post_tag","embeddable":true,"href":"https:\/\/archive.sana.sy\/tr\/index.php?rest_route=%2Fwp%2Fv2%2Ftags&post=187718"}],"curies":[{"name":"wp","href":"https:\/\/api.w.org\/{rel}","templated":true}]}}