{"id":187721,"date":"2019-08-05T15:52:55","date_gmt":"2019-08-05T12:52:55","guid":{"rendered":"http:\/\/www.sana.sy\/tr\/?p=187721"},"modified":"2019-08-06T14:53:57","modified_gmt":"2019-08-06T11:53:57","slug":"hazir-projeler-hayata-gecirilecek","status":"publish","type":"post","link":"https:\/\/archive.sana.sy\/tr\/?p=187721","title":{"rendered":"Haz\u0131r Projeler Hayata Ge\u00e7irilecek"},"content":{"rendered":"<p>\u015eAM \u2013 Ba\u015fbakan \u0130mad Hamis bug\u00fcn M\u00fchendisler Sendikas\u0131 Ba\u015fkan\u0131 Gayyas Kutayni ve sendikan\u0131n y\u00f6netim kurulu \u00fcyeleriyle bir araya geldi.<\/p>\n<p>Sendika \u00e7al\u0131\u015fmalar\u0131na ilaveten sendika t\u00fcz\u00fc\u011f\u00fcn\u00fc geli\u015ftirme gere\u011finin alt\u0131 \u00e7izildi\u011fi toplant\u0131da; sendika rol\u00fc ve misyonunu etkinle\u015ftirme \u00f6nemi vurguland\u0131. Toplant\u0131da \u00fclke genelinde m\u00fchendislik \u00fcr\u00fcnleri ve sanayisinin nitelik ve nicelik a\u00e7\u0131s\u0131ndan geli\u015ftirilmesi gere\u011fine vurgu yap\u0131ld\u0131.<\/p>\n<p>Toplant\u0131da ele al\u0131nan konular kapsam\u0131nda sendikan\u0131n farkl\u0131 illerde ve b\u00f6lgelerde hayata ge\u00e7irmek i\u00e7in haz\u0131rlad\u0131\u011f\u0131 projelerin pratik icraatlar\u0131na ba\u015flanmas\u0131 amac\u0131yla 15 milyar lira kredi tahsis edildi. Ayn\u0131 zamanda yenilenebilir enerji alan\u0131nda haz\u0131rlanan b\u00fcy\u00fck bir projenin hayata ge\u00e7irilmesi ama\u00e7l\u0131 olarak sendika i\u00e7in gerekli arazinin tahsis edilmesi onayland\u0131.<\/p>\n","protected":false},"excerpt":{"rendered":"<p>\u015eAM \u2013 Ba\u015fbakan \u0130mad Hamis bug\u00fcn M\u00fchendisler Sendikas\u0131 Ba\u015fkan\u0131 Gayyas Kutayni ve sendikan\u0131n y\u00f6netim kurulu \u00fcyeleriyle bir araya geldi. Sendika \u00e7al\u0131\u015fmalar\u0131na ilaveten sendika t\u00fcz\u00fc\u011f\u00fcn\u00fc geli\u015ftirme gere\u011finin alt\u0131 \u00e7izildi\u011fi toplant\u0131da; sendika rol\u00fc ve misyonunu etkinle\u015ftirme \u00f6nemi vurguland\u0131. Toplant\u0131da \u00fclke genelinde m\u00fchendislik \u00fcr\u00fcnleri ve sanayisinin nitelik ve nicelik a\u00e7\u0131s\u0131ndan geli\u015ftirilmesi gere\u011fine vurgu yap\u0131ld\u0131. Toplant\u0131da ele al\u0131nan konular &hellip;<\/p>\n","protected":false},"author":1,"featured_media":187723,"comment_status":"closed","ping_status":"closed","sticky":false,"template":"","format":"standard","meta":{"footnotes":""},"categories":[479,17988,478],"tags":[],"class_list":["post-187721","post","type-post","status-publish","format-standard","has-post-thumbnail","","category-haberler-yerel","category-son-haberler","category-yerel"],"_links":{"self":[{"href":"https:\/\/archive.sana.sy\/tr\/index.php?rest_route=\/wp\/v2\/posts\/187721","targetHints":{"allow":["GET"]}}],"collection":[{"href":"https:\/\/archive.sana.sy\/tr\/index.php?rest_route=\/wp\/v2\/posts"}],"about":[{"href":"https:\/\/archive.sana.sy\/tr\/index.php?rest_route=\/wp\/v2\/types\/post"}],"author":[{"embeddable":true,"href":"https:\/\/archive.sana.sy\/tr\/index.php?rest_route=\/wp\/v2\/users\/1"}],"replies":[{"embeddable":true,"href":"https:\/\/archive.sana.sy\/tr\/index.php?rest_route=%2Fwp%2Fv2%2Fcomments&post=187721"}],"version-history":[{"count":0,"href":"https:\/\/archive.sana.sy\/tr\/index.php?rest_route=\/wp\/v2\/posts\/187721\/revisions"}],"wp:featuredmedia":[{"embeddable":true,"href":"https:\/\/archive.sana.sy\/tr\/index.php?rest_route=\/wp\/v2\/media\/187723"}],"wp:attachment":[{"href":"https:\/\/archive.sana.sy\/tr\/index.php?rest_route=%2Fwp%2Fv2%2Fmedia&parent=187721"}],"wp:term":[{"taxonomy":"category","embeddable":true,"href":"https:\/\/archive.sana.sy\/tr\/index.php?rest_route=%2Fwp%2Fv2%2Fcategories&post=187721"},{"taxonomy":"post_tag","embeddable":true,"href":"https:\/\/archive.sana.sy\/tr\/index.php?rest_route=%2Fwp%2Fv2%2Ftags&post=187721"}],"curies":[{"name":"wp","href":"https:\/\/api.w.org\/{rel}","templated":true}]}}