{"id":187725,"date":"2019-08-05T16:11:14","date_gmt":"2019-08-05T13:11:14","guid":{"rendered":"http:\/\/www.sana.sy\/tr\/?p=187725"},"modified":"2019-08-06T14:44:41","modified_gmt":"2019-08-06T11:44:41","slug":"cunku-turkiye-rejimi-sorumluluklarini-yerine-getirmedi","status":"publish","type":"post","link":"https:\/\/archive.sana.sy\/tr\/?p=187725","title":{"rendered":"\u00c7\u00fcnk\u00fc T\u00fcrkiye Rejimi Sorumluluklar\u0131n\u0131n Hi\u00e7 Birini Yerine Getirmedi"},"content":{"rendered":"<p>\u015eAM \u2013 Ordu ve Silahl\u0131 Kuvvetler Genel Komutanl\u0131\u011f\u0131 gerginli\u011fi azaltma b\u00f6lgesi \u0130dlib\u2019te \u00e7at\u0131\u015fmalar\u0131n durduruldu\u011funun ilan edilmesine ra\u011fmen ter\u00f6r \u00f6rg\u00fctlerin civarda bulunan sivil yerle\u015fim alanlar\u0131na gaddar sald\u0131r\u0131lar\u0131n\u0131 s\u00fcrd\u00fcrd\u00fcklerini belirtti.<\/p>\n<p>Ordu ve Silahl\u0131 Kuvvetler Genel Komutanl\u0131\u011f\u0131 yay\u0131nlad\u0131\u011f\u0131 beyanda; Suriye ordusunun 1 A\u011fustos tarihinden itibaren \u0130dlib\u2019te \u00e7at\u0131\u015fmalar\u0131n durdurulmas\u0131n\u0131 kabul etmesine ra\u011fmen T\u00fcrkiye rejiminin destekledi\u011fi ter\u00f6r \u00f6rg\u00fctlerin \u00e7at\u0131\u015fmalar\u0131n durdurulmas\u0131n\u0131 reddettiklerini belirtti. Komutanl\u0131k s\u00f6z konusu ter\u00f6r \u00f6rg\u00fctlerin civarda bulunan g\u00fcvenli b\u00f6lgelerde sivillere kar\u015f\u0131 bir\u00e7ok gaddar sald\u0131r\u0131da bulunduklar\u0131n\u0131 vurgulad\u0131.<\/p>\n<p>T\u00fcrkiye rejiminin edat olarak kulland\u0131klar\u0131 ter\u00f6r \u00f6rg\u00fctlerin \u0130dlib\u2019ten civarda bulunan b\u00f6lgelere sald\u0131r\u0131lar\u0131n\u0131 s\u00fcrd\u00fcrmelerine izin ve deste\u011fini s\u00fcrd\u00fcrd\u00fc\u011f\u00fcne dikkat \u00e7ekilen ordu beyan\u0131nda; bunun da Ankara\u2019n\u0131n sabotajc\u0131 tutum ve politikas\u0131n\u0131 s\u00fcrd\u00fcrd\u00fc\u011f\u00fcn\u00fcn bir kan\u0131t\u0131 oldu\u011fu kaydedildi. Beyanda bunun ayn\u0131 zamanda Ankara\u2019n\u0131n \u0130dlib konulu So\u00e7i Anla\u015fmas\u0131nda \u00fcst\u00fcne d\u00fc\u015fen misyon ve sorumlulu\u011fu \u00fcstlenmedi\u011fini kan\u0131tlad\u0131\u011f\u0131n\u0131n alt\u0131 \u00e7izildi.<\/p>\n<p>Ordu ve Silahl\u0131 Kuvvetler Genel Komutanl\u0131\u011f\u0131 t\u00fcm bunlar\u0131n neticesinde ter\u00f6r \u00f6rg\u00fctlerin konum ve mevzilerini peki\u015ftirdikleri, Suriye topraklar\u0131nda da ter\u00f6r tehlikesinin yay\u0131ld\u0131\u011f\u0131n\u0131 vurgulad\u0131.<\/p>\n<p>Suriye&#8217;nin \u0130dlib\u2019te \u00e7at\u0131\u015fmalar\u0131n durdurulmas\u0131n\u0131 T\u00fcrkiye rejiminin So\u00e7i Anla\u015fmas\u0131 kapsam\u0131nda \u00fcst\u00fcne d\u00fc\u015fen sorumluluklar\u0131 yerine getirmekle ko\u015fullu oldu\u011funa dikkat \u00e7eken komutanl\u0131k; Suriye&#8217;nin \u00fcst\u00fcne t\u00fcm d\u00fc\u015feni yerine getirmesine ra\u011fmen T\u00fcrkiye rejiminin sorumluluklar\u0131n\u0131n hi\u00e7 birini yerine getirmedi\u011fini, b\u00f6ylelikle de ko\u015fulun ger\u00e7ekle\u015fmedi\u011fini kaydetti.<\/p>\n<p>Genel Komutanl\u0131k Dolay\u0131s\u0131yla Suriye ordusunun Suriye ve halk\u0131n\u0131 korumada anayasal sorumluluk ve g\u00f6revleri kapsam\u0131nda farkl\u0131 adland\u0131rmalar\u0131yla ter\u00f6r \u00f6rg\u00fctlere kar\u015f\u0131 operasyonlar\u0131n\u0131 yeniden ba\u015flataca\u011f\u0131n\u0131 ve ter\u00f6r sald\u0131r\u0131lar\u0131na kar\u015f\u0131l\u0131k verece\u011finin alt\u0131n\u0131 \u00e7izdi.<\/p>\n<p>Askeri bir kaynak bu ay\u0131n ba\u015f\u0131nda So\u00e7i Anla\u015fmas\u0131n\u0131n hayata ge\u00e7irilmesi ko\u015fuluyla gerginli\u011fi azaltma b\u00f6lgesi \u0130dlib\u2019te \u00e7at\u0131\u015fmalar\u0131n durdurulmas\u0131n\u0131n Suriye ordusu taraf\u0131ndan kabul edildi\u011fini ilan etmi\u015fti. Askeri kaynak So\u00e7i Anla\u015fmas\u0131 gere\u011fince de ter\u00f6ristlerin gerginli\u011fi azaltma b\u00f6lgesi hatt\u0131ndan 20 km derinlikte geri \u00e7ekilmelerin yan\u0131 s\u0131ra t\u00fcm a\u011f\u0131r ve orta silahlar\u0131n teslim edilmesini \u00f6ng\u00f6rd\u00fc\u011f\u00fcn\u00fcn alt\u0131n\u0131 \u00e7izdi.<\/p>\n","protected":false},"excerpt":{"rendered":"<p>\u015eAM \u2013 Ordu ve Silahl\u0131 Kuvvetler Genel Komutanl\u0131\u011f\u0131 gerginli\u011fi azaltma b\u00f6lgesi \u0130dlib\u2019te \u00e7at\u0131\u015fmalar\u0131n durduruldu\u011funun ilan edilmesine ra\u011fmen ter\u00f6r \u00f6rg\u00fctlerin civarda bulunan sivil yerle\u015fim alanlar\u0131na gaddar sald\u0131r\u0131lar\u0131n\u0131 s\u00fcrd\u00fcrd\u00fcklerini belirtti. Ordu ve Silahl\u0131 Kuvvetler Genel Komutanl\u0131\u011f\u0131 yay\u0131nlad\u0131\u011f\u0131 beyanda; Suriye ordusunun 1 A\u011fustos tarihinden itibaren \u0130dlib\u2019te \u00e7at\u0131\u015fmalar\u0131n durdurulmas\u0131n\u0131 kabul etmesine ra\u011fmen T\u00fcrkiye rejiminin destekledi\u011fi ter\u00f6r \u00f6rg\u00fctlerin \u00e7at\u0131\u015fmalar\u0131n durdurulmas\u0131n\u0131 &hellip;<\/p>\n","protected":false},"author":1,"featured_media":187731,"comment_status":"closed","ping_status":"closed","sticky":false,"template":"","format":"standard","meta":{"footnotes":""},"categories":[479,575,17988,2554,2555,478],"tags":[],"class_list":["post-187725","post","type-post","status-publish","format-standard","has-post-thumbnail","","category-haberler-yerel","category-olaylar-ve-gercekler","category-son-haberler","category-suriye-ve-dunya","category-suriye-ve-turkiye","category-yerel"],"_links":{"self":[{"href":"https:\/\/archive.sana.sy\/tr\/index.php?rest_route=\/wp\/v2\/posts\/187725","targetHints":{"allow":["GET"]}}],"collection":[{"href":"https:\/\/archive.sana.sy\/tr\/index.php?rest_route=\/wp\/v2\/posts"}],"about":[{"href":"https:\/\/archive.sana.sy\/tr\/index.php?rest_route=\/wp\/v2\/types\/post"}],"author":[{"embeddable":true,"href":"https:\/\/archive.sana.sy\/tr\/index.php?rest_route=\/wp\/v2\/users\/1"}],"replies":[{"embeddable":true,"href":"https:\/\/archive.sana.sy\/tr\/index.php?rest_route=%2Fwp%2Fv2%2Fcomments&post=187725"}],"version-history":[{"count":0,"href":"https:\/\/archive.sana.sy\/tr\/index.php?rest_route=\/wp\/v2\/posts\/187725\/revisions"}],"wp:featuredmedia":[{"embeddable":true,"href":"https:\/\/archive.sana.sy\/tr\/index.php?rest_route=\/wp\/v2\/media\/187731"}],"wp:attachment":[{"href":"https:\/\/archive.sana.sy\/tr\/index.php?rest_route=%2Fwp%2Fv2%2Fmedia&parent=187725"}],"wp:term":[{"taxonomy":"category","embeddable":true,"href":"https:\/\/archive.sana.sy\/tr\/index.php?rest_route=%2Fwp%2Fv2%2Fcategories&post=187725"},{"taxonomy":"post_tag","embeddable":true,"href":"https:\/\/archive.sana.sy\/tr\/index.php?rest_route=%2Fwp%2Fv2%2Ftags&post=187725"}],"curies":[{"name":"wp","href":"https:\/\/api.w.org\/{rel}","templated":true}]}}