{"id":187741,"date":"2019-08-05T13:00:21","date_gmt":"2019-08-05T10:00:21","guid":{"rendered":"http:\/\/www.sana.sy\/tr\/?p=187741"},"modified":"2019-08-06T16:32:45","modified_gmt":"2019-08-06T13:32:45","slug":"ordu-birlikleri-top-atesiyle-teroristlerin-ihlallerine-cevap-vererek-karargahlarini-hedef-aldi","status":"publish","type":"post","link":"https:\/\/archive.sana.sy\/tr\/?p=187741","title":{"rendered":"Ordu Birlikleri Top Ate\u015fiyle Ter\u00f6ristlerin \u0130hlallerine Cevap Vererek Karargahlar\u0131n\u0131 Hedef Ald\u0131"},"content":{"rendered":"<p>\u015eAM \u2013 HAMA \u2013 Askeri kaynak, Hama kzuey k\u0131rsal\u0131nda g\u00f6rev yapan birliklerimizin top ate\u015fiy\u015fe ter\u00f6ristlerin ate\u015fkese y\u00f6nelik tekrarlana gelen ihlallerine cevap olarak karargahlar\u0131n\u0131 hedef ald\u0131\u011f\u0131n\u0131 ilan etti.<\/p>\n<p>Hama SANA muhabiri ordu bilirklerimizin Latamina Beldesi ile ge\u00e7en hafta ordunun kurtard\u0131\u011f\u0131 Tel el Milh ve El Cubbeyn K\u00f6ylerinin kuzeydo\u011fusundaki El Zekat ve El Erbain K\u00f6yleri ekseninde yay\u0131lan Nusra Cephesi ve ona ba\u011fl\u0131 ter\u00f6r gruplar\u0131n\u0131n hareketlenme noktalar\u0131yla mevkilerine yo\u011fun bir \u015fekilde operasyonlar d\u00fczenlediklerini s\u00f6yledi.<\/p>\n<p>Muhabir, operasyonlar\u0131n ayr\u0131ca \u0130dlib g\u00fcney k\u0131rsal\u0131ndaki ter\u00f6rist gruplar\u0131n yay\u0131lma mevkilerini de kapsad\u0131\u011f\u0131n\u0131, top at\u0131\u015flar\u0131n\u0131n Han \u015eeyhun,el Huveyn ve Tel el Zerzur&#8217;daki ter\u00f6ristlerin hareketlenme eksenlerini hedef ald\u0131\u011f\u0131na dikkat \u00e7ekti.<\/p>\n<p>Muhabir, saha bilgilerinin ter\u00f6ristlere ait birka\u00e7 mevki ve bar\u0131na\u011f\u0131n imha edildi\u011fini, \u00e7ok say\u0131da ter\u00f6ristin \u00f6l\u00fc ve yaral\u0131 d\u00fc\u015f\u00fcr\u00fcld\u00fc\u011f\u00fcn\u00fc ellerinde bulunan a\u011f\u0131r silah ve ara\u00e7lar\u0131n da imha edildi\u011fini ifade etti.<\/p>\n<p>\u00c7eviri: S.\u015eahut<\/p>\n","protected":false},"excerpt":{"rendered":"<p>\u015eAM \u2013 HAMA \u2013 Askeri kaynak, Hama kzuey k\u0131rsal\u0131nda g\u00f6rev yapan birliklerimizin top ate\u015fiy\u015fe ter\u00f6ristlerin ate\u015fkese y\u00f6nelik tekrarlana gelen ihlallerine cevap olarak karargahlar\u0131n\u0131 hedef ald\u0131\u011f\u0131n\u0131 ilan etti. Hama SANA muhabiri ordu bilirklerimizin Latamina Beldesi ile ge\u00e7en hafta ordunun kurtard\u0131\u011f\u0131 Tel el Milh ve El Cubbeyn K\u00f6ylerinin kuzeydo\u011fusundaki El Zekat ve El Erbain K\u00f6yleri ekseninde yay\u0131lan &hellip;<\/p>\n","protected":false},"author":1,"featured_media":187751,"comment_status":"closed","ping_status":"closed","sticky":false,"template":"","format":"standard","meta":{"footnotes":""},"categories":[479,575,17988,478],"tags":[],"class_list":["post-187741","post","type-post","status-publish","format-standard","has-post-thumbnail","","category-haberler-yerel","category-olaylar-ve-gercekler","category-son-haberler","category-yerel"],"_links":{"self":[{"href":"https:\/\/archive.sana.sy\/tr\/index.php?rest_route=\/wp\/v2\/posts\/187741","targetHints":{"allow":["GET"]}}],"collection":[{"href":"https:\/\/archive.sana.sy\/tr\/index.php?rest_route=\/wp\/v2\/posts"}],"about":[{"href":"https:\/\/archive.sana.sy\/tr\/index.php?rest_route=\/wp\/v2\/types\/post"}],"author":[{"embeddable":true,"href":"https:\/\/archive.sana.sy\/tr\/index.php?rest_route=\/wp\/v2\/users\/1"}],"replies":[{"embeddable":true,"href":"https:\/\/archive.sana.sy\/tr\/index.php?rest_route=%2Fwp%2Fv2%2Fcomments&post=187741"}],"version-history":[{"count":0,"href":"https:\/\/archive.sana.sy\/tr\/index.php?rest_route=\/wp\/v2\/posts\/187741\/revisions"}],"wp:featuredmedia":[{"embeddable":true,"href":"https:\/\/archive.sana.sy\/tr\/index.php?rest_route=\/wp\/v2\/media\/187751"}],"wp:attachment":[{"href":"https:\/\/archive.sana.sy\/tr\/index.php?rest_route=%2Fwp%2Fv2%2Fmedia&parent=187741"}],"wp:term":[{"taxonomy":"category","embeddable":true,"href":"https:\/\/archive.sana.sy\/tr\/index.php?rest_route=%2Fwp%2Fv2%2Fcategories&post=187741"},{"taxonomy":"post_tag","embeddable":true,"href":"https:\/\/archive.sana.sy\/tr\/index.php?rest_route=%2Fwp%2Fv2%2Ftags&post=187741"}],"curies":[{"name":"wp","href":"https:\/\/api.w.org\/{rel}","templated":true}]}}