{"id":187820,"date":"2019-08-07T14:23:39","date_gmt":"2019-08-07T11:23:39","guid":{"rendered":"http:\/\/www.sana.sy\/tr\/?p=187820"},"modified":"2019-08-07T14:23:39","modified_gmt":"2019-08-07T11:23:39","slug":"sana-muhabiri-homs-ilinin-dogusunda-abd-gucleri-ve-destekledikleri-radikal-teror-orgutlerin-bulunduklari-tenf-bolgesine-yakin-rukban-kampindan-onlarca-aile-bugun-yillardir-yasadiklari-esaretten-kurtul","status":"publish","type":"post","link":"https:\/\/archive.sana.sy\/tr\/?p=187820","title":{"rendered":"SANA muhabiri Homs \u0130linin do\u011fusunda ABD g\u00fc\u00e7leri ve destekledikleri radikal ter\u00f6r \u00f6rg\u00fctlerin bulunduklar\u0131 Tenf B\u00f6lgesine yak\u0131n R\u00fckban Kamp\u0131ndan onlarca aile bug\u00fcn y\u0131llard\u0131r ya\u015fad\u0131klar\u0131 esaretten kurtulup devletin temin etti\u011fi Cley\u011fim insani ge\u00e7idine ula\u015ft\u0131klar\u0131n\u0131 aktard\u0131."},"content":{"rendered":"<p>SANA muhabiri Homs \u0130linin do\u011fusunda ABD g\u00fc\u00e7leri ve destekledikleri radikal ter\u00f6r \u00f6rg\u00fctlerin bulunduklar\u0131 Tenf B\u00f6lgesine yak\u0131n R\u00fckban Kamp\u0131ndan onlarca aile bug\u00fcn y\u0131llard\u0131r ya\u015fad\u0131klar\u0131 esaretten kurtulup devletin temin etti\u011fi Cley\u011fim insani ge\u00e7idine ula\u015ft\u0131klar\u0131n\u0131 aktard\u0131.<\/p>\n","protected":false},"excerpt":{"rendered":"<p>SANA muhabiri Homs \u0130linin do\u011fusunda ABD g\u00fc\u00e7leri ve destekledikleri radikal ter\u00f6r \u00f6rg\u00fctlerin bulunduklar\u0131 Tenf B\u00f6lgesine yak\u0131n R\u00fckban Kamp\u0131ndan onlarca aile bug\u00fcn y\u0131llard\u0131r ya\u015fad\u0131klar\u0131 esaretten kurtulup devletin temin etti\u011fi Cley\u011fim insani ge\u00e7idine ula\u015ft\u0131klar\u0131n\u0131 aktard\u0131.<\/p>\n","protected":false},"author":1,"featured_media":0,"comment_status":"closed","ping_status":"closed","sticky":false,"template":"","format":"standard","meta":{"footnotes":""},"categories":[17991],"tags":[],"class_list":["post-187820","post","type-post","status-publish","format-standard","","category-son-dakika"],"_links":{"self":[{"href":"https:\/\/archive.sana.sy\/tr\/index.php?rest_route=\/wp\/v2\/posts\/187820","targetHints":{"allow":["GET"]}}],"collection":[{"href":"https:\/\/archive.sana.sy\/tr\/index.php?rest_route=\/wp\/v2\/posts"}],"about":[{"href":"https:\/\/archive.sana.sy\/tr\/index.php?rest_route=\/wp\/v2\/types\/post"}],"author":[{"embeddable":true,"href":"https:\/\/archive.sana.sy\/tr\/index.php?rest_route=\/wp\/v2\/users\/1"}],"replies":[{"embeddable":true,"href":"https:\/\/archive.sana.sy\/tr\/index.php?rest_route=%2Fwp%2Fv2%2Fcomments&post=187820"}],"version-history":[{"count":0,"href":"https:\/\/archive.sana.sy\/tr\/index.php?rest_route=\/wp\/v2\/posts\/187820\/revisions"}],"wp:attachment":[{"href":"https:\/\/archive.sana.sy\/tr\/index.php?rest_route=%2Fwp%2Fv2%2Fmedia&parent=187820"}],"wp:term":[{"taxonomy":"category","embeddable":true,"href":"https:\/\/archive.sana.sy\/tr\/index.php?rest_route=%2Fwp%2Fv2%2Fcategories&post=187820"},{"taxonomy":"post_tag","embeddable":true,"href":"https:\/\/archive.sana.sy\/tr\/index.php?rest_route=%2Fwp%2Fv2%2Ftags&post=187820"}],"curies":[{"name":"wp","href":"https:\/\/api.w.org\/{rel}","templated":true}]}}