{"id":187879,"date":"2019-08-07T23:04:43","date_gmt":"2019-08-07T20:04:43","guid":{"rendered":"http:\/\/www.sana.sy\/tr\/?p=187879"},"modified":"2019-08-08T16:23:47","modified_gmt":"2019-08-08T13:23:47","slug":"suriy-teroru-kokunden-kazimak-isgalci-yabanci-saldirgan-gucleri-topraklarindan-cikarmaya-calismaktadir","status":"publish","type":"post","link":"https:\/\/archive.sana.sy\/tr\/?p=187879","title":{"rendered":"Suriy Ter\u00f6r\u00fc K\u00f6k\u00fcnden Kaz\u0131mak, \u0130\u015fgalci Yabanc\u0131 Sald\u0131rgan G\u00fc\u00e7leri Topraklar\u0131ndan \u00c7\u0131karmaya \u00c7al\u0131\u015fmaktad\u0131r"},"content":{"rendered":"<p style=\"text-align: justify;\">NEW YORK &#8211; Suriye&#8217;nin Birle\u015fmi\u015f Milletlerdeki Daimi Heyet Maslahatg\u00fczar\u0131 Dr. Luay Felluh Suriye&#8217;nin, Amerika, Fransa ve \u0130ngiltere&#8217;nin Suriye H\u00fckumetinin portresini karalamak i\u00e7in G\u00fcvenlik Konseyini istismar etmeleri reddetti\u011fini belirtti.<\/p>\n<p style=\"text-align: justify;\">G\u00fcvenlik Konseyi&#8217;nin ortado\u011fudaki durumla ilgili oturumunda yapt\u0131\u011f\u0131 konu\u015fmada Felluh, s\u00f6z konusu h\u00fckumetlerin Suriye&#8217;de cereyan eden ger\u00e7ekleri \u00e7arp\u0131tmak i\u00e7in tutum ve politikalar\u0131n\u0131 BM dahilindeki \u00e7ok say\u0131da \u00e7al\u0131\u015fma eklemlerine dayatmas\u0131ndan dolay\u0131 duydu\u011fu endi\u015feyi dile getirdi.<\/p>\n<p style=\"text-align: justify;\">Felluh, Suriye Arap Cumhuriyeti&#8217;nin G\u00fcvenlik Konseyi oturumlar\u0131nda hedefin Suriye&#8217;deki durumlar\u0131, \u015feffaf bir \u015fekilde g\u00f6r\u00fc\u015f al\u0131\u015fveri\u015finde bulunuldu\u011fu zaman s\u00f6z konusu oturumlar\u0131n d\u00fczenlenmesine kesinlikle itiraz\u0131 olmad\u0131\u011f\u0131n\u0131 s\u00f6yledi.<\/p>\n<p style=\"text-align: justify;\">Felluh, uluslararas\u0131 bar\u0131\u015f ve g\u00fcvenli\u011fi koruma sorumlulu\u011funu \u00fcstlenmeleri gereken Washington, Paris ve Londra h\u00fckumetlerinin hi\u00e7 bir zaman ne insan haklar\u0131 ne, halklar\u0131n refah\u0131\u00a0 ne de \u00fclkelerin egemenli\u011fini dikkat ald\u0131klar\u0131n\u0131 vurgulad\u0131.<\/p>\n<p style=\"text-align: justify;\">Dr Felluh, s\u00f6z konusu h\u00fckumetlerin, kaderleri \u015fu ana kadar me\u00e7hul olan Halep ve Lazkiye k\u0131rsallar\u0131ndan ka\u00e7\u0131r\u0131lan vatanda\u015flar\u0131 T\u00fcrkiye&#8217;ye ka\u00e7\u0131ran ter\u00f6rist gruplara destek veren h\u00fckumetler oldu\u011funa dikkat \u00e7ekti.<\/p>\n<p style=\"text-align: justify;\">Suriye&#8217;de ter\u00f6rden ac\u0131 \u00e7eken her k\u00f6y, kent ve b\u00f6lgenin, a\u015f\u0131r\u0131c\u0131 dinsel ter\u00f6r destekleyen, finanse eden, medya ve siyasi \u00f6rt\u00fc sa\u011flayan bu h\u00fckumetlerin skandallar\u0131na tan\u0131kl\u0131k etmeye devam edece\u011fini dile getiren Felluh, Suriye h\u00fckumetinin ka\u00e7\u0131lm\u0131\u015f ve haczedilmi\u015f vatanda\u015flar\u0131n konusuyla, insani dava\u015far i\u00e7in siayasi suistimallerden uzak insani boyutla i\u015fbirli\u011fi yapt\u0131\u011f\u0131n\u0131 vurgulad\u0131.<\/p>\n<p style=\"text-align: justify;\">Felluh, Suriye Arap Cumhuriyeti&#8217;ndeki yasal ve yarg\u0131 makamlar\u0131n\u0131n bu davalardaki yetkilerini anayasa ile kanun metinlerinde ge\u00e7en maddi ve usul kurallar\u0131na uygun \u015fekilde\u00a0 kulland\u0131klar\u0131na dikkat \u00e7ekti.<\/p>\n<p style=\"text-align: justify;\">Dr Felluh, Suriye&#8217;nin Suriyelilerin kendilerininliderlik edece\u011fi siyasi \u00e7\u00f6z\u00fcme varmak hedefiyle, Astana&#8217;daki Rus ve \u0130ranl\u0131 garant\u00f6rlerle, BM Genel Sekreterin Suriye&#8217;ye \u00d6zel Temsilcisi ile birlikte \u00e7al\u0131\u015ft\u0131\u011f\u0131n\u0131 belirtti.<\/p>\n<p style=\"text-align: justify;\">Felluh ayr\u0131ca, Suriye&#8217;nin krize daimi bir siyasi \u00e7\u00f6z\u00fcm bulmaya ba\u011fl\u0131 oldu\u011funu, Suriye dahilinde ter\u00f6r yuvalar\u0131n\u0131 k\u00f6k\u00fcnden kaz\u0131mak ve Suriye topraklar\u0131n\u0131 i\u015fgal eden ve sald\u0131rgan yabanc\u0131 b\u00fct\u00fcn kuvvetleri \u00e7\u0131karmaya \u00e7al\u0131\u015fmaya devan edece\u011fini ifade etti.<\/p>\n<p>\u00c7eviri:S.\u015eahut<\/p>\n","protected":false},"excerpt":{"rendered":"<p>NEW YORK &#8211; Suriye&#8217;nin Birle\u015fmi\u015f Milletlerdeki Daimi Heyet Maslahatg\u00fczar\u0131 Dr. Luay Felluh Suriye&#8217;nin, Amerika, Fransa ve \u0130ngiltere&#8217;nin Suriye H\u00fckumetinin portresini karalamak i\u00e7in G\u00fcvenlik Konseyini istismar etmeleri reddetti\u011fini belirtti. G\u00fcvenlik Konseyi&#8217;nin ortado\u011fudaki durumla ilgili oturumunda yapt\u0131\u011f\u0131 konu\u015fmada Felluh, s\u00f6z konusu h\u00fckumetlerin Suriye&#8217;de cereyan eden ger\u00e7ekleri \u00e7arp\u0131tmak i\u00e7in tutum ve politikalar\u0131n\u0131 BM dahilindeki \u00e7ok say\u0131da \u00e7al\u0131\u015fma eklemlerine &hellip;<\/p>\n","protected":false},"author":1,"featured_media":187880,"comment_status":"closed","ping_status":"closed","sticky":false,"template":"","format":"standard","meta":{"footnotes":""},"categories":[458,459,17988],"tags":[],"class_list":["post-187879","post","type-post","status-publish","format-standard","has-post-thumbnail","","category-dunya1","category-haberler-arap-uluslararasi-politika","category-son-haberler"],"_links":{"self":[{"href":"https:\/\/archive.sana.sy\/tr\/index.php?rest_route=\/wp\/v2\/posts\/187879","targetHints":{"allow":["GET"]}}],"collection":[{"href":"https:\/\/archive.sana.sy\/tr\/index.php?rest_route=\/wp\/v2\/posts"}],"about":[{"href":"https:\/\/archive.sana.sy\/tr\/index.php?rest_route=\/wp\/v2\/types\/post"}],"author":[{"embeddable":true,"href":"https:\/\/archive.sana.sy\/tr\/index.php?rest_route=\/wp\/v2\/users\/1"}],"replies":[{"embeddable":true,"href":"https:\/\/archive.sana.sy\/tr\/index.php?rest_route=%2Fwp%2Fv2%2Fcomments&post=187879"}],"version-history":[{"count":0,"href":"https:\/\/archive.sana.sy\/tr\/index.php?rest_route=\/wp\/v2\/posts\/187879\/revisions"}],"wp:featuredmedia":[{"embeddable":true,"href":"https:\/\/archive.sana.sy\/tr\/index.php?rest_route=\/wp\/v2\/media\/187880"}],"wp:attachment":[{"href":"https:\/\/archive.sana.sy\/tr\/index.php?rest_route=%2Fwp%2Fv2%2Fmedia&parent=187879"}],"wp:term":[{"taxonomy":"category","embeddable":true,"href":"https:\/\/archive.sana.sy\/tr\/index.php?rest_route=%2Fwp%2Fv2%2Fcategories&post=187879"},{"taxonomy":"post_tag","embeddable":true,"href":"https:\/\/archive.sana.sy\/tr\/index.php?rest_route=%2Fwp%2Fv2%2Ftags&post=187879"}],"curies":[{"name":"wp","href":"https:\/\/api.w.org\/{rel}","templated":true}]}}