{"id":187896,"date":"2019-08-08T12:34:58","date_gmt":"2019-08-08T09:34:58","guid":{"rendered":"http:\/\/www.sana.sy\/tr\/?p=187896"},"modified":"2019-08-09T12:49:04","modified_gmt":"2019-08-09T09:49:04","slug":"suriye-isgalciler-abd-ve-turkiye-arasindaki-anlasmayi-reddediyor","status":"publish","type":"post","link":"https:\/\/archive.sana.sy\/tr\/?p=187896","title":{"rendered":"Suriye \u0130\u015fgalciler ABD ve T\u00fcrkiye Aras\u0131ndaki Anla\u015fmay\u0131 Reddediyor"},"content":{"rendered":"<p>\u015eAM \u2013 Suriye; i\u015fgalciler ABD ile T\u00fcrkiye aras\u0131nda \u201cg\u00fcvenli b\u00f6lge\u201d ad\u0131 alt\u0131nda bir b\u00f6lgenin kurulmas\u0131 konusunda ilan ettikleri anla\u015fmay\u0131 mutlak bir \u015fekilde reddettiklerini vurgulad\u0131.<\/p>\n<p>D\u0131\u015fi\u015fleri ve Gurbet\u00e7iler Bakanl\u0131\u011f\u0131nda yetkili bir kaynak SANA\u2019ya yapt\u0131\u011f\u0131 a\u00e7\u0131klamada i\u015fgalciler T\u00fcrkiye rejimi ile ABD aras\u0131nda Suriye&#8217;de \u201cg\u00fcvenli b\u00f6lge\u201d ad\u0131 alt\u0131nda bir b\u00f6lgenin kurulmas\u0131 konusunda ilan edilen anla\u015fman\u0131n Suriye taraf\u0131ndan kesinlikle ve mutlak bir \u015fekilde reddedildi\u011finin alt\u0131n\u0131 \u00e7izdi. Yetkili kaynak bunun Suriye&#8217;nin egemenli\u011fi, toprak b\u00fct\u00fcnl\u00fc\u011f\u00fc ve selametine kar\u015f\u0131 \u00e7irkef bir m\u00fcdahale te\u015fkil etti\u011fine vuru yaparken, uluslararas\u0131 kanunlar ve BM misak\u0131na da ayk\u0131r\u0131 oldu\u011funu belirtti.<\/p>\n<p>S\u00f6z konusu anla\u015fman\u0131n ABD ve T\u00fcrkiye rejimi aras\u0131nda Suriye ve halk\u0131na kar\u015f\u0131 d\u00fc\u015fmanl\u0131ktaki ortakl\u0131\u011f\u0131 net bir \u015fekilde izole etti\u011fine dikkat \u00e7eken yetkili kaynak; bunun Siyonist \u0130srail&#8217;in \u00e7\u0131karlar\u0131na da hizmet etti\u011fini kaydetti.<\/p>\n","protected":false},"excerpt":{"rendered":"<p>\u015eAM \u2013 Suriye; i\u015fgalciler ABD ile T\u00fcrkiye aras\u0131nda \u201cg\u00fcvenli b\u00f6lge\u201d ad\u0131 alt\u0131nda bir b\u00f6lgenin kurulmas\u0131 konusunda ilan ettikleri anla\u015fmay\u0131 mutlak bir \u015fekilde reddettiklerini vurgulad\u0131. D\u0131\u015fi\u015fleri ve Gurbet\u00e7iler Bakanl\u0131\u011f\u0131nda yetkili bir kaynak SANA\u2019ya yapt\u0131\u011f\u0131 a\u00e7\u0131klamada i\u015fgalciler T\u00fcrkiye rejimi ile ABD aras\u0131nda Suriye&#8217;de \u201cg\u00fcvenli b\u00f6lge\u201d ad\u0131 alt\u0131nda bir b\u00f6lgenin kurulmas\u0131 konusunda ilan edilen anla\u015fman\u0131n Suriye taraf\u0131ndan kesinlikle &hellip;<\/p>\n","protected":false},"author":1,"featured_media":172423,"comment_status":"closed","ping_status":"closed","sticky":false,"template":"","format":"standard","meta":{"footnotes":""},"categories":[479,17988,2554,2555,478],"tags":[],"class_list":["post-187896","post","type-post","status-publish","format-standard","has-post-thumbnail","","category-haberler-yerel","category-son-haberler","category-suriye-ve-dunya","category-suriye-ve-turkiye","category-yerel"],"_links":{"self":[{"href":"https:\/\/archive.sana.sy\/tr\/index.php?rest_route=\/wp\/v2\/posts\/187896","targetHints":{"allow":["GET"]}}],"collection":[{"href":"https:\/\/archive.sana.sy\/tr\/index.php?rest_route=\/wp\/v2\/posts"}],"about":[{"href":"https:\/\/archive.sana.sy\/tr\/index.php?rest_route=\/wp\/v2\/types\/post"}],"author":[{"embeddable":true,"href":"https:\/\/archive.sana.sy\/tr\/index.php?rest_route=\/wp\/v2\/users\/1"}],"replies":[{"embeddable":true,"href":"https:\/\/archive.sana.sy\/tr\/index.php?rest_route=%2Fwp%2Fv2%2Fcomments&post=187896"}],"version-history":[{"count":0,"href":"https:\/\/archive.sana.sy\/tr\/index.php?rest_route=\/wp\/v2\/posts\/187896\/revisions"}],"wp:featuredmedia":[{"embeddable":true,"href":"https:\/\/archive.sana.sy\/tr\/index.php?rest_route=\/wp\/v2\/media\/172423"}],"wp:attachment":[{"href":"https:\/\/archive.sana.sy\/tr\/index.php?rest_route=%2Fwp%2Fv2%2Fmedia&parent=187896"}],"wp:term":[{"taxonomy":"category","embeddable":true,"href":"https:\/\/archive.sana.sy\/tr\/index.php?rest_route=%2Fwp%2Fv2%2Fcategories&post=187896"},{"taxonomy":"post_tag","embeddable":true,"href":"https:\/\/archive.sana.sy\/tr\/index.php?rest_route=%2Fwp%2Fv2%2Ftags&post=187896"}],"curies":[{"name":"wp","href":"https:\/\/api.w.org\/{rel}","templated":true}]}}