{"id":187907,"date":"2019-08-08T13:00:31","date_gmt":"2019-08-08T10:00:31","guid":{"rendered":"http:\/\/www.sana.sy\/tr\/?p=187907"},"modified":"2019-08-10T13:15:57","modified_gmt":"2019-08-10T10:15:57","slug":"yaralananlar-arasinda-2-cocuk-var","status":"publish","type":"post","link":"https:\/\/archive.sana.sy\/tr\/?p=187907","title":{"rendered":"Yaralananlar Aras\u0131nda 2 \u00c7ocuk Var"},"content":{"rendered":"<p>LAZK\u0130YE \u2013 Belli ba\u015fl\u0131 d\u0131\u015f g\u00fc\u00e7lere tabi ter\u00f6ristlerin bug\u00fcn Lazkiye k\u0131rsal\u0131n\u0131n kuzeyinde sivil yerle\u015fim alanlar\u0131na gaddarca f\u00fcze ve roket sald\u0131r\u0131lar\u0131n\u0131 tekrarlamalar\u0131 sonucunda bir\u00e7ok sivil vatanda\u015f isabet ald\u0131\u00e7<\/p>\n<p>SANA\u2019n\u0131n Lazkiye muhabiri s\u0131n\u0131r b\u00f6lgesinde bulunan ve T\u00fcrkiye rejiminden her t\u00fcrl\u00fc deste\u011fi alan radikal ter\u00f6ristlerin Lazkiye k\u0131rsal\u0131n\u0131n kuzeyi K\u0131rdaha ve Haffa b\u00f6lgelerinde bir kez daha masum sivilleri f\u00fczelerle hedef ald\u0131klar\u0131n\u0131 aktard\u0131. Muhabir ter\u00f6r sald\u0131r\u0131lar\u0131 sonucunda aralar\u0131nda 2 \u00e7ocu\u011fun bulundu\u011fu 5 vatanda\u015f\u0131n yaraland\u0131\u011f\u0131n\u0131 belirtirken, \u00f6zel ve kamu m\u00fclklerde de maddi hasar meydana geldi\u011fini s\u00f6zlerine ekledi.<\/p>\n<p>&nbsp;<\/p>\n","protected":false},"excerpt":{"rendered":"<p>LAZK\u0130YE \u2013 Belli ba\u015fl\u0131 d\u0131\u015f g\u00fc\u00e7lere tabi ter\u00f6ristlerin bug\u00fcn Lazkiye k\u0131rsal\u0131n\u0131n kuzeyinde sivil yerle\u015fim alanlar\u0131na gaddarca f\u00fcze ve roket sald\u0131r\u0131lar\u0131n\u0131 tekrarlamalar\u0131 sonucunda bir\u00e7ok sivil vatanda\u015f isabet ald\u0131\u00e7 SANA\u2019n\u0131n Lazkiye muhabiri s\u0131n\u0131r b\u00f6lgesinde bulunan ve T\u00fcrkiye rejiminden her t\u00fcrl\u00fc deste\u011fi alan radikal ter\u00f6ristlerin Lazkiye k\u0131rsal\u0131n\u0131n kuzeyi K\u0131rdaha ve Haffa b\u00f6lgelerinde bir kez daha masum sivilleri f\u00fczelerle &hellip;<\/p>\n","protected":false},"author":1,"featured_media":187908,"comment_status":"closed","ping_status":"closed","sticky":false,"template":"","format":"standard","meta":{"footnotes":""},"categories":[479,575,17988,478],"tags":[],"class_list":["post-187907","post","type-post","status-publish","format-standard","has-post-thumbnail","","category-haberler-yerel","category-olaylar-ve-gercekler","category-son-haberler","category-yerel"],"_links":{"self":[{"href":"https:\/\/archive.sana.sy\/tr\/index.php?rest_route=\/wp\/v2\/posts\/187907","targetHints":{"allow":["GET"]}}],"collection":[{"href":"https:\/\/archive.sana.sy\/tr\/index.php?rest_route=\/wp\/v2\/posts"}],"about":[{"href":"https:\/\/archive.sana.sy\/tr\/index.php?rest_route=\/wp\/v2\/types\/post"}],"author":[{"embeddable":true,"href":"https:\/\/archive.sana.sy\/tr\/index.php?rest_route=\/wp\/v2\/users\/1"}],"replies":[{"embeddable":true,"href":"https:\/\/archive.sana.sy\/tr\/index.php?rest_route=%2Fwp%2Fv2%2Fcomments&post=187907"}],"version-history":[{"count":0,"href":"https:\/\/archive.sana.sy\/tr\/index.php?rest_route=\/wp\/v2\/posts\/187907\/revisions"}],"wp:featuredmedia":[{"embeddable":true,"href":"https:\/\/archive.sana.sy\/tr\/index.php?rest_route=\/wp\/v2\/media\/187908"}],"wp:attachment":[{"href":"https:\/\/archive.sana.sy\/tr\/index.php?rest_route=%2Fwp%2Fv2%2Fmedia&parent=187907"}],"wp:term":[{"taxonomy":"category","embeddable":true,"href":"https:\/\/archive.sana.sy\/tr\/index.php?rest_route=%2Fwp%2Fv2%2Fcategories&post=187907"},{"taxonomy":"post_tag","embeddable":true,"href":"https:\/\/archive.sana.sy\/tr\/index.php?rest_route=%2Fwp%2Fv2%2Ftags&post=187907"}],"curies":[{"name":"wp","href":"https:\/\/api.w.org\/{rel}","templated":true}]}}