{"id":188059,"date":"2019-08-10T12:36:28","date_gmt":"2019-08-10T09:36:28","guid":{"rendered":"http:\/\/www.sana.sy\/tr\/?p=188059"},"modified":"2019-08-11T09:54:55","modified_gmt":"2019-08-11T06:54:55","slug":"yuzucumuz-gumus-madalya-kazandi","status":"publish","type":"post","link":"https:\/\/archive.sana.sy\/tr\/?p=188059","title":{"rendered":"Y\u00fcz\u00fcc\u00fcm\u00fcz G\u00fcm\u00fc\u015f Madalya Kazand\u0131"},"content":{"rendered":"<p>SEUL \u2013 Suriyeli uluslar aras\u0131 y\u00fcz\u00fcc\u00fc Firas Mualla G\u00fcney Kore\u2019de d\u00fczenlenen uluslar aras\u0131 uzun mesafeli y\u00fczme yar\u0131\u015f\u0131nda g\u00fcm\u00fc\u015f madalya kazand\u0131.<\/p>\n<p>Mualla yar\u0131\u015fmada 3 km mesafeyi 37,04,3 dakikada y\u00fczerken yar\u0131\u015fman\u0131n birincisi olan ve alt\u0131n madalya kazanan \u0130talyan y\u00fcz\u00fcc\u00fc ise ayn\u0131 mesafeyi 36,24,7 dakikada y\u00fczd\u00fc.<\/p>\n<p>Uluslar aras\u0131 \u00fcnl\u00fc y\u00fcz\u00fcc\u00fc Mualla\u2019n\u0131n uluslar aras\u0131 d\u00fczeyde dikkat \u00e7ekici y\u00fcksek say\u0131da ba\u015far\u0131 ve madalyas\u0131 bulunmaktad\u0131r.<\/p>\n","protected":false},"excerpt":{"rendered":"<p>SEUL \u2013 Suriyeli uluslar aras\u0131 y\u00fcz\u00fcc\u00fc Firas Mualla G\u00fcney Kore\u2019de d\u00fczenlenen uluslar aras\u0131 uzun mesafeli y\u00fczme yar\u0131\u015f\u0131nda g\u00fcm\u00fc\u015f madalya kazand\u0131. Mualla yar\u0131\u015fmada 3 km mesafeyi 37,04,3 dakikada y\u00fczerken yar\u0131\u015fman\u0131n birincisi olan ve alt\u0131n madalya kazanan \u0130talyan y\u00fcz\u00fcc\u00fc ise ayn\u0131 mesafeyi 36,24,7 dakikada y\u00fczd\u00fc. Uluslar aras\u0131 \u00fcnl\u00fc y\u00fcz\u00fcc\u00fc Mualla\u2019n\u0131n uluslar aras\u0131 d\u00fczeyde dikkat \u00e7ekici y\u00fcksek say\u0131da &hellip;<\/p>\n","protected":false},"author":1,"featured_media":188060,"comment_status":"closed","ping_status":"closed","sticky":false,"template":"","format":"standard","meta":{"footnotes":""},"categories":[498,17988,496],"tags":[],"class_list":["post-188059","post","type-post","status-publish","format-standard","has-post-thumbnail","","category-dunya-turnuvalari","category-son-haberler","category-spor"],"_links":{"self":[{"href":"https:\/\/archive.sana.sy\/tr\/index.php?rest_route=\/wp\/v2\/posts\/188059","targetHints":{"allow":["GET"]}}],"collection":[{"href":"https:\/\/archive.sana.sy\/tr\/index.php?rest_route=\/wp\/v2\/posts"}],"about":[{"href":"https:\/\/archive.sana.sy\/tr\/index.php?rest_route=\/wp\/v2\/types\/post"}],"author":[{"embeddable":true,"href":"https:\/\/archive.sana.sy\/tr\/index.php?rest_route=\/wp\/v2\/users\/1"}],"replies":[{"embeddable":true,"href":"https:\/\/archive.sana.sy\/tr\/index.php?rest_route=%2Fwp%2Fv2%2Fcomments&post=188059"}],"version-history":[{"count":0,"href":"https:\/\/archive.sana.sy\/tr\/index.php?rest_route=\/wp\/v2\/posts\/188059\/revisions"}],"wp:featuredmedia":[{"embeddable":true,"href":"https:\/\/archive.sana.sy\/tr\/index.php?rest_route=\/wp\/v2\/media\/188060"}],"wp:attachment":[{"href":"https:\/\/archive.sana.sy\/tr\/index.php?rest_route=%2Fwp%2Fv2%2Fmedia&parent=188059"}],"wp:term":[{"taxonomy":"category","embeddable":true,"href":"https:\/\/archive.sana.sy\/tr\/index.php?rest_route=%2Fwp%2Fv2%2Fcategories&post=188059"},{"taxonomy":"post_tag","embeddable":true,"href":"https:\/\/archive.sana.sy\/tr\/index.php?rest_route=%2Fwp%2Fv2%2Ftags&post=188059"}],"curies":[{"name":"wp","href":"https:\/\/api.w.org\/{rel}","templated":true}]}}