{"id":188099,"date":"2019-08-10T12:05:04","date_gmt":"2019-08-10T09:05:04","guid":{"rendered":"http:\/\/www.sana.sy\/tr\/?p=188099"},"modified":"2019-08-10T14:20:07","modified_gmt":"2019-08-10T11:20:07","slug":"bayram-oncesinde-suveyda-carsi-ve-pazarlarindan-alinan-gece-goruntuleri","status":"publish","type":"post","link":"https:\/\/archive.sana.sy\/tr\/?p=188099","title":{"rendered":"Bayram \u00f6ncesinde S\u00fcveyda \u00e7ar\u015f\u0131 ve pazarlar\u0131ndan al\u0131nan gece g\u00f6r\u00fcnt\u00fcleri"},"content":{"rendered":"<p>Bayram \u00f6ncesinde S\u00fcveyda \u00e7ar\u015f\u0131 ve pazarlar\u0131ndan al\u0131nan gece g\u00f6r\u00fcnt\u00fcleri<\/p>\n<div id='gallery-1' class='gallery galleryid-188099 gallery-columns-3 gallery-size-full'><figure class='gallery-item'>\n\t\t\t<div class='gallery-icon landscape'>\n\t\t\t\t<a href='https:\/\/archive.sana.sy\/tr\/wp-content\/uploads\/2019\/08\/0-11-660x330.jpg'><img loading=\"lazy\" decoding=\"async\" width=\"660\" height=\"330\" src=\"https:\/\/archive.sana.sy\/tr\/wp-content\/uploads\/2019\/08\/0-11-660x330.jpg\" class=\"attachment-full size-full\" alt=\"\" srcset=\"https:\/\/archive.sana.sy\/tr\/wp-content\/uploads\/2019\/08\/0-11-660x330.jpg 660w, https:\/\/archive.sana.sy\/tr\/wp-content\/uploads\/2019\/08\/0-11-660x330-150x75.jpg 150w, https:\/\/archive.sana.sy\/tr\/wp-content\/uploads\/2019\/08\/0-11-660x330-300x150.jpg 300w\" sizes=\"auto, (max-width: 660px) 100vw, 660px\" \/><\/a>\n\t\t\t<\/div><\/figure><figure class='gallery-item'>\n\t\t\t<div class='gallery-icon landscape'>\n\t\t\t\t<a href='https:\/\/archive.sana.sy\/tr\/wp-content\/uploads\/2019\/08\/1-141.jpg'><img loading=\"lazy\" decoding=\"async\" width=\"3092\" height=\"1680\" src=\"https:\/\/archive.sana.sy\/tr\/wp-content\/uploads\/2019\/08\/1-141.jpg\" class=\"attachment-full size-full\" alt=\"\" srcset=\"https:\/\/archive.sana.sy\/tr\/wp-content\/uploads\/2019\/08\/1-141.jpg 3092w, https:\/\/archive.sana.sy\/tr\/wp-content\/uploads\/2019\/08\/1-141-150x82.jpg 150w, https:\/\/archive.sana.sy\/tr\/wp-content\/uploads\/2019\/08\/1-141-300x163.jpg 300w, https:\/\/archive.sana.sy\/tr\/wp-content\/uploads\/2019\/08\/1-141-768x417.jpg 768w, https:\/\/archive.sana.sy\/tr\/wp-content\/uploads\/2019\/08\/1-141-1024x556.jpg 1024w\" sizes=\"auto, (max-width: 3092px) 100vw, 3092px\" \/><\/a>\n\t\t\t<\/div><\/figure><figure class='gallery-item'>\n\t\t\t<div class='gallery-icon landscape'>\n\t\t\t\t<a href='https:\/\/archive.sana.sy\/tr\/wp-content\/uploads\/2019\/08\/11-41.jpg'><img loading=\"lazy\" decoding=\"async\" width=\"3543\" height=\"1851\" src=\"https:\/\/archive.sana.sy\/tr\/wp-content\/uploads\/2019\/08\/11-41.jpg\" class=\"attachment-full size-full\" alt=\"\" srcset=\"https:\/\/archive.sana.sy\/tr\/wp-content\/uploads\/2019\/08\/11-41.jpg 3543w, https:\/\/archive.sana.sy\/tr\/wp-content\/uploads\/2019\/08\/11-41-150x78.jpg 150w, https:\/\/archive.sana.sy\/tr\/wp-content\/uploads\/2019\/08\/11-41-300x157.jpg 300w, https:\/\/archive.sana.sy\/tr\/wp-content\/uploads\/2019\/08\/11-41-768x401.jpg 768w, https:\/\/archive.sana.sy\/tr\/wp-content\/uploads\/2019\/08\/11-41-1024x535.jpg 1024w\" sizes=\"auto, (max-width: 3543px) 100vw, 3543px\" \/><\/a>\n\t\t\t<\/div><\/figure><figure class='gallery-item'>\n\t\t\t<div class='gallery-icon landscape'>\n\t\t\t\t<a href='https:\/\/archive.sana.sy\/tr\/wp-content\/uploads\/2019\/08\/111-3.jpg'><img loading=\"lazy\" decoding=\"async\" width=\"3392\" height=\"2059\" src=\"https:\/\/archive.sana.sy\/tr\/wp-content\/uploads\/2019\/08\/111-3.jpg\" class=\"attachment-full size-full\" alt=\"\" srcset=\"https:\/\/archive.sana.sy\/tr\/wp-content\/uploads\/2019\/08\/111-3.jpg 3392w, https:\/\/archive.sana.sy\/tr\/wp-content\/uploads\/2019\/08\/111-3-150x91.jpg 150w, https:\/\/archive.sana.sy\/tr\/wp-content\/uploads\/2019\/08\/111-3-300x182.jpg 300w, https:\/\/archive.sana.sy\/tr\/wp-content\/uploads\/2019\/08\/111-3-768x466.jpg 768w, https:\/\/archive.sana.sy\/tr\/wp-content\/uploads\/2019\/08\/111-3-1024x622.jpg 1024w\" sizes=\"auto, (max-width: 3392px) 100vw, 3392px\" \/><\/a>\n\t\t\t<\/div><\/figure><figure class='gallery-item'>\n\t\t\t<div class='gallery-icon landscape'>\n\t\t\t\t<a href='https:\/\/archive.sana.sy\/tr\/wp-content\/uploads\/2019\/08\/1111-2.jpg'><img loading=\"lazy\" decoding=\"async\" width=\"3543\" height=\"1966\" src=\"https:\/\/archive.sana.sy\/tr\/wp-content\/uploads\/2019\/08\/1111-2.jpg\" class=\"attachment-full size-full\" alt=\"\" srcset=\"https:\/\/archive.sana.sy\/tr\/wp-content\/uploads\/2019\/08\/1111-2.jpg 3543w, https:\/\/archive.sana.sy\/tr\/wp-content\/uploads\/2019\/08\/1111-2-150x83.jpg 150w, https:\/\/archive.sana.sy\/tr\/wp-content\/uploads\/2019\/08\/1111-2-300x166.jpg 300w, https:\/\/archive.sana.sy\/tr\/wp-content\/uploads\/2019\/08\/1111-2-768x426.jpg 768w, https:\/\/archive.sana.sy\/tr\/wp-content\/uploads\/2019\/08\/1111-2-1024x568.jpg 1024w\" sizes=\"auto, (max-width: 3543px) 100vw, 3543px\" \/><\/a>\n\t\t\t<\/div><\/figure><figure class='gallery-item'>\n\t\t\t<div class='gallery-icon landscape'>\n\t\t\t\t<a href='https:\/\/archive.sana.sy\/tr\/wp-content\/uploads\/2019\/08\/111111.jpg'><img loading=\"lazy\" decoding=\"async\" width=\"3316\" height=\"1876\" src=\"https:\/\/archive.sana.sy\/tr\/wp-content\/uploads\/2019\/08\/111111.jpg\" class=\"attachment-full size-full\" alt=\"\" srcset=\"https:\/\/archive.sana.sy\/tr\/wp-content\/uploads\/2019\/08\/111111.jpg 3316w, https:\/\/archive.sana.sy\/tr\/wp-content\/uploads\/2019\/08\/111111-150x85.jpg 150w, https:\/\/archive.sana.sy\/tr\/wp-content\/uploads\/2019\/08\/111111-300x170.jpg 300w, https:\/\/archive.sana.sy\/tr\/wp-content\/uploads\/2019\/08\/111111-768x434.jpg 768w, https:\/\/archive.sana.sy\/tr\/wp-content\/uploads\/2019\/08\/111111-1024x579.jpg 1024w\" sizes=\"auto, (max-width: 3316px) 100vw, 3316px\" \/><\/a>\n\t\t\t<\/div><\/figure>\n\t\t<\/div>\n\n","protected":false},"excerpt":{"rendered":"<p>Bayram \u00f6ncesinde S\u00fcveyda \u00e7ar\u015f\u0131 ve pazarlar\u0131ndan al\u0131nan gece g\u00f6r\u00fcnt\u00fcleri<\/p>\n","protected":false},"author":1,"featured_media":188100,"comment_status":"closed","ping_status":"closed","sticky":false,"template":"","format":"standard","meta":{"footnotes":""},"categories":[596],"tags":[],"class_list":["post-188099","post","type-post","status-publish","format-standard","has-post-thumbnail","","category-fotografli-raporlar"],"_links":{"self":[{"href":"https:\/\/archive.sana.sy\/tr\/index.php?rest_route=\/wp\/v2\/posts\/188099","targetHints":{"allow":["GET"]}}],"collection":[{"href":"https:\/\/archive.sana.sy\/tr\/index.php?rest_route=\/wp\/v2\/posts"}],"about":[{"href":"https:\/\/archive.sana.sy\/tr\/index.php?rest_route=\/wp\/v2\/types\/post"}],"author":[{"embeddable":true,"href":"https:\/\/archive.sana.sy\/tr\/index.php?rest_route=\/wp\/v2\/users\/1"}],"replies":[{"embeddable":true,"href":"https:\/\/archive.sana.sy\/tr\/index.php?rest_route=%2Fwp%2Fv2%2Fcomments&post=188099"}],"version-history":[{"count":0,"href":"https:\/\/archive.sana.sy\/tr\/index.php?rest_route=\/wp\/v2\/posts\/188099\/revisions"}],"wp:featuredmedia":[{"embeddable":true,"href":"https:\/\/archive.sana.sy\/tr\/index.php?rest_route=\/wp\/v2\/media\/188100"}],"wp:attachment":[{"href":"https:\/\/archive.sana.sy\/tr\/index.php?rest_route=%2Fwp%2Fv2%2Fmedia&parent=188099"}],"wp:term":[{"taxonomy":"category","embeddable":true,"href":"https:\/\/archive.sana.sy\/tr\/index.php?rest_route=%2Fwp%2Fv2%2Fcategories&post=188099"},{"taxonomy":"post_tag","embeddable":true,"href":"https:\/\/archive.sana.sy\/tr\/index.php?rest_route=%2Fwp%2Fv2%2Ftags&post=188099"}],"curies":[{"name":"wp","href":"https:\/\/api.w.org\/{rel}","templated":true}]}}