{"id":188113,"date":"2019-08-10T12:38:58","date_gmt":"2019-08-10T09:38:58","guid":{"rendered":"http:\/\/www.sana.sy\/tr\/?p=188113"},"modified":"2019-08-11T09:55:09","modified_gmt":"2019-08-11T06:55:09","slug":"suriye-tum-arap-devletlerinin-onune-gecti","status":"publish","type":"post","link":"https:\/\/archive.sana.sy\/tr\/?p=188113","title":{"rendered":"Suriye T\u00fcm Arap Devletlerinin \u00d6n\u00fcne Ge\u00e7ti"},"content":{"rendered":"<p>\u015eAM \u2013 Azerbaycan\u2019da 87 devletin kat\u0131l\u0131m\u0131yla d\u00fczenlenen ve bug\u00fcn faaliyetleri sona eren uluslararas\u0131 bili\u015fim olimpiyatlar\u0131na kat\u0131lan Suriye ekibi 2 bronz madalya kazand\u0131.<\/p>\n<p>Suriye ekibi sa\u011flad\u0131\u011f\u0131 bu ba\u015far\u0131 ile Suriye&#8217;nin d\u00fcnya s\u0131ralamas\u0131ndaki yeri 41. S\u0131raya y\u00fckseldi. Ayn\u0131 zamanda \u0130ngiltere, \u0130spanya, Avusturya, Danimarka, \u0130svi\u00e7re gibi d\u00fcnyan\u0131n b\u00fcy\u00fck devletlerinin yan\u0131 s\u0131ra olimpiyatlara kat\u0131lan t\u00fcm Arap devletlerinin \u00f6n\u00fcne de ge\u00e7mi\u015f oldu.<\/p>\n","protected":false},"excerpt":{"rendered":"<p>\u015eAM \u2013 Azerbaycan\u2019da 87 devletin kat\u0131l\u0131m\u0131yla d\u00fczenlenen ve bug\u00fcn faaliyetleri sona eren uluslararas\u0131 bili\u015fim olimpiyatlar\u0131na kat\u0131lan Suriye ekibi 2 bronz madalya kazand\u0131. Suriye ekibi sa\u011flad\u0131\u011f\u0131 bu ba\u015far\u0131 ile Suriye&#8217;nin d\u00fcnya s\u0131ralamas\u0131ndaki yeri 41. S\u0131raya y\u00fckseldi. Ayn\u0131 zamanda \u0130ngiltere, \u0130spanya, Avusturya, Danimarka, \u0130svi\u00e7re gibi d\u00fcnyan\u0131n b\u00fcy\u00fck devletlerinin yan\u0131 s\u0131ra olimpiyatlara kat\u0131lan t\u00fcm Arap devletlerinin \u00f6n\u00fcne de &hellip;<\/p>\n","protected":false},"author":1,"featured_media":188114,"comment_status":"closed","ping_status":"closed","sticky":false,"template":"","format":"standard","meta":{"footnotes":""},"categories":[479,17988,478],"tags":[],"class_list":["post-188113","post","type-post","status-publish","format-standard","has-post-thumbnail","","category-haberler-yerel","category-son-haberler","category-yerel"],"_links":{"self":[{"href":"https:\/\/archive.sana.sy\/tr\/index.php?rest_route=\/wp\/v2\/posts\/188113","targetHints":{"allow":["GET"]}}],"collection":[{"href":"https:\/\/archive.sana.sy\/tr\/index.php?rest_route=\/wp\/v2\/posts"}],"about":[{"href":"https:\/\/archive.sana.sy\/tr\/index.php?rest_route=\/wp\/v2\/types\/post"}],"author":[{"embeddable":true,"href":"https:\/\/archive.sana.sy\/tr\/index.php?rest_route=\/wp\/v2\/users\/1"}],"replies":[{"embeddable":true,"href":"https:\/\/archive.sana.sy\/tr\/index.php?rest_route=%2Fwp%2Fv2%2Fcomments&post=188113"}],"version-history":[{"count":0,"href":"https:\/\/archive.sana.sy\/tr\/index.php?rest_route=\/wp\/v2\/posts\/188113\/revisions"}],"wp:featuredmedia":[{"embeddable":true,"href":"https:\/\/archive.sana.sy\/tr\/index.php?rest_route=\/wp\/v2\/media\/188114"}],"wp:attachment":[{"href":"https:\/\/archive.sana.sy\/tr\/index.php?rest_route=%2Fwp%2Fv2%2Fmedia&parent=188113"}],"wp:term":[{"taxonomy":"category","embeddable":true,"href":"https:\/\/archive.sana.sy\/tr\/index.php?rest_route=%2Fwp%2Fv2%2Fcategories&post=188113"},{"taxonomy":"post_tag","embeddable":true,"href":"https:\/\/archive.sana.sy\/tr\/index.php?rest_route=%2Fwp%2Fv2%2Ftags&post=188113"}],"curies":[{"name":"wp","href":"https:\/\/api.w.org\/{rel}","templated":true}]}}