{"id":188360,"date":"2019-08-12T20:39:09","date_gmt":"2019-08-12T17:39:09","guid":{"rendered":"http:\/\/www.sana.sy\/tr\/?p=188360"},"modified":"2019-08-20T14:14:58","modified_gmt":"2019-08-20T11:14:58","slug":"uluslararasi-sam-fuari-ziyaretcilerini-ucretsiz-ulastirmak-icin-150-otobus-tahsis-edildi","status":"publish","type":"post","link":"https:\/\/archive.sana.sy\/tr\/?p=188360","title":{"rendered":"Uluslararas\u0131 \u015eam Fuar\u0131 Ziyaret\u00e7ilerini \u00dccretsiz Ula\u015ft\u0131rmak \u0130\u00e7in 150 Otob\u00fcs Tahsis Edildi"},"content":{"rendered":"<p style=\"text-align: justify\">\u015eAM &#8211; Yerel \u0130dare ve \u00c7evre Bakanl\u0131\u011f\u0131, 61. D\u00f6nem Uluslararas\u0131 \u015eam Fuar\u0131 ziyaret\u00e7ilerini, \u015eam ve \u015eam K\u0131rsal\u0131n\u0131n muhtelif yerlerinden fuar alan\u0131na ula\u015ft\u0131rmak \u00fczere 150 otob\u00fcs tahsis etti.<\/p>\n<p style=\"text-align: justify\">Bakanl\u0131k, otob\u00fcslerin Uluslararas\u0131 Fuarlar ve Pazarlar Kurumu ile i\u015fbirli\u011fi i\u00e7inde belirlenen merkezlerden kalkaca\u011f\u0131n\u0131 a\u00e7\u0131klad\u0131.<\/p>\n<p style=\"text-align: justify\">61. Uluslararas\u0131 \u015eam Fuar\u0131 28 A\u011fustos-6 Eyl\u00fcl tarihleri \u200b\u200baras\u0131nda &#8220;\u015eam&#8217;dan B\u00fct\u00fcn D\u00fcnyaya&#8221; ba\u015fl\u0131\u011f\u0131 alt\u0131nda ger\u00e7ekle\u015ftirilecek.<\/p>\n<p>\u00c7eviri: S.\u015eahut<\/p>\n","protected":false},"excerpt":{"rendered":"<p>\u015eAM &#8211; Yerel \u0130dare ve \u00c7evre Bakanl\u0131\u011f\u0131, 61. D\u00f6nem Uluslararas\u0131 \u015eam Fuar\u0131 ziyaret\u00e7ilerini, \u015eam ve \u015eam K\u0131rsal\u0131n\u0131n muhtelif yerlerinden fuar alan\u0131na ula\u015ft\u0131rmak \u00fczere 150 otob\u00fcs tahsis etti. Bakanl\u0131k, otob\u00fcslerin Uluslararas\u0131 Fuarlar ve Pazarlar Kurumu ile i\u015fbirli\u011fi i\u00e7inde belirlenen merkezlerden kalkaca\u011f\u0131n\u0131 a\u00e7\u0131klad\u0131. 61. Uluslararas\u0131 \u015eam Fuar\u0131 28 A\u011fustos-6 Eyl\u00fcl tarihleri \u200b\u200baras\u0131nda &#8220;\u015eam&#8217;dan B\u00fct\u00fcn D\u00fcnyaya&#8221; ba\u015fl\u0131\u011f\u0131 alt\u0131nda &hellip;<\/p>\n","protected":false},"author":1,"featured_media":188370,"comment_status":"closed","ping_status":"closed","sticky":false,"template":"","format":"standard","meta":{"footnotes":""},"categories":[38173,485,486,479,17988,478],"tags":[],"class_list":["post-188360","post","type-post","status-publish","format-standard","has-post-thumbnail","","category-61-uluslararasi-sam-fuari","category-is-ve-sermaye","category-haberler-is-ve-sermaye","category-haberler-yerel","category-son-haberler","category-yerel"],"_links":{"self":[{"href":"https:\/\/archive.sana.sy\/tr\/index.php?rest_route=\/wp\/v2\/posts\/188360","targetHints":{"allow":["GET"]}}],"collection":[{"href":"https:\/\/archive.sana.sy\/tr\/index.php?rest_route=\/wp\/v2\/posts"}],"about":[{"href":"https:\/\/archive.sana.sy\/tr\/index.php?rest_route=\/wp\/v2\/types\/post"}],"author":[{"embeddable":true,"href":"https:\/\/archive.sana.sy\/tr\/index.php?rest_route=\/wp\/v2\/users\/1"}],"replies":[{"embeddable":true,"href":"https:\/\/archive.sana.sy\/tr\/index.php?rest_route=%2Fwp%2Fv2%2Fcomments&post=188360"}],"version-history":[{"count":0,"href":"https:\/\/archive.sana.sy\/tr\/index.php?rest_route=\/wp\/v2\/posts\/188360\/revisions"}],"wp:featuredmedia":[{"embeddable":true,"href":"https:\/\/archive.sana.sy\/tr\/index.php?rest_route=\/wp\/v2\/media\/188370"}],"wp:attachment":[{"href":"https:\/\/archive.sana.sy\/tr\/index.php?rest_route=%2Fwp%2Fv2%2Fmedia&parent=188360"}],"wp:term":[{"taxonomy":"category","embeddable":true,"href":"https:\/\/archive.sana.sy\/tr\/index.php?rest_route=%2Fwp%2Fv2%2Fcategories&post=188360"},{"taxonomy":"post_tag","embeddable":true,"href":"https:\/\/archive.sana.sy\/tr\/index.php?rest_route=%2Fwp%2Fv2%2Ftags&post=188360"}],"curies":[{"name":"wp","href":"https:\/\/api.w.org\/{rel}","templated":true}]}}