{"id":188450,"date":"2019-08-14T14:28:49","date_gmt":"2019-08-14T11:28:49","guid":{"rendered":"http:\/\/www.sana.sy\/tr\/?p=188450"},"modified":"2019-08-15T14:16:50","modified_gmt":"2019-08-15T11:16:50","slug":"milli-gencler-takimi-asya-kupasi-finallerine-hazirlaniyor","status":"publish","type":"post","link":"https:\/\/archive.sana.sy\/tr\/?p=188450","title":{"rendered":"Milli Gen\u00e7ler Tak\u0131m\u0131 Asya Kupas\u0131 Finallerine Haz\u0131rlan\u0131yor"},"content":{"rendered":"<p>\u015eAM \u2013 Suriye gen\u00e7ler i\u00e7in futbol tak\u0131m\u0131 Tacikistan\u2019da d\u00fczenlenecek olan Asya Kupas\u0131 Finallerine haz\u0131rl\u0131k olarak yerel Ti\u015frin Futbol Yar\u0131\u015fmalar\u0131na kat\u0131l\u0131yor.<\/p>\n<p>Tak\u0131m y\u00f6neticisi George Khoury SANA muhabirine yapt\u0131\u011f\u0131 a\u00e7\u0131klamada; daha \u00f6nceki haz\u0131rl\u0131k kamp\u0131n\u0131n ba\u015far\u0131l\u0131 oldu\u011funu ifade ederken, bu kez gen\u00e7ler futbol tak\u0131m\u0131n\u0131n Asya Kupas\u0131 finalleri i\u00e7in haz\u0131rl\u0131k a\u015famas\u0131 olacak olan Ti\u015frin Yar\u0131\u015fmalar\u0131nda tak\u0131m\u0131n g\u00fc\u00e7l\u00fc bir \u015fekilde ortaya \u00e7\u0131kaca\u011f\u0131na i\u015faret etti.<\/p>\n<p>Khoury; Suriye gen\u00e7ler futbol tak\u0131m\u0131n\u0131n Ti\u015frin Yar\u0131\u015fmalar\u0131na kat\u0131lmas\u0131 Asya kupas\u0131 finallerine \u00f6nemli bir haz\u0131rl\u0131k bir a\u015famas\u0131 olaca\u011f\u0131n\u0131 dile getirdi.<\/p>\n<p>Suriye gen\u00e7ler i\u00e7in milli futbol tak\u0131m\u0131, Asya Kupas\u0131 Finallerinin C Grubundaki L\u00fcbnan, Maldivler ve Tacikistan (ev sahibi) ile Eyl\u00fcl ay\u0131n\u0131n s\u0131ras\u0131yla 2,4 ve 6\u2019da oynayacak.<\/p>\n<p>\u00c7eviri: P.M.<\/p>\n","protected":false},"excerpt":{"rendered":"<p>\u015eAM \u2013 Suriye gen\u00e7ler i\u00e7in futbol tak\u0131m\u0131 Tacikistan\u2019da d\u00fczenlenecek olan Asya Kupas\u0131 Finallerine haz\u0131rl\u0131k olarak yerel Ti\u015frin Futbol Yar\u0131\u015fmalar\u0131na kat\u0131l\u0131yor. Tak\u0131m y\u00f6neticisi George Khoury SANA muhabirine yapt\u0131\u011f\u0131 a\u00e7\u0131klamada; daha \u00f6nceki haz\u0131rl\u0131k kamp\u0131n\u0131n ba\u015far\u0131l\u0131 oldu\u011funu ifade ederken, bu kez gen\u00e7ler futbol tak\u0131m\u0131n\u0131n Asya Kupas\u0131 finalleri i\u00e7in haz\u0131rl\u0131k a\u015famas\u0131 olacak olan Ti\u015frin Yar\u0131\u015fmalar\u0131nda tak\u0131m\u0131n g\u00fc\u00e7l\u00fc bir \u015fekilde &hellip;<\/p>\n","protected":false},"author":1,"featured_media":188452,"comment_status":"closed","ping_status":"closed","sticky":false,"template":"","format":"standard","meta":{"footnotes":""},"categories":[498,17988,496],"tags":[],"class_list":["post-188450","post","type-post","status-publish","format-standard","has-post-thumbnail","","category-dunya-turnuvalari","category-son-haberler","category-spor"],"_links":{"self":[{"href":"https:\/\/archive.sana.sy\/tr\/index.php?rest_route=\/wp\/v2\/posts\/188450","targetHints":{"allow":["GET"]}}],"collection":[{"href":"https:\/\/archive.sana.sy\/tr\/index.php?rest_route=\/wp\/v2\/posts"}],"about":[{"href":"https:\/\/archive.sana.sy\/tr\/index.php?rest_route=\/wp\/v2\/types\/post"}],"author":[{"embeddable":true,"href":"https:\/\/archive.sana.sy\/tr\/index.php?rest_route=\/wp\/v2\/users\/1"}],"replies":[{"embeddable":true,"href":"https:\/\/archive.sana.sy\/tr\/index.php?rest_route=%2Fwp%2Fv2%2Fcomments&post=188450"}],"version-history":[{"count":0,"href":"https:\/\/archive.sana.sy\/tr\/index.php?rest_route=\/wp\/v2\/posts\/188450\/revisions"}],"wp:featuredmedia":[{"embeddable":true,"href":"https:\/\/archive.sana.sy\/tr\/index.php?rest_route=\/wp\/v2\/media\/188452"}],"wp:attachment":[{"href":"https:\/\/archive.sana.sy\/tr\/index.php?rest_route=%2Fwp%2Fv2%2Fmedia&parent=188450"}],"wp:term":[{"taxonomy":"category","embeddable":true,"href":"https:\/\/archive.sana.sy\/tr\/index.php?rest_route=%2Fwp%2Fv2%2Fcategories&post=188450"},{"taxonomy":"post_tag","embeddable":true,"href":"https:\/\/archive.sana.sy\/tr\/index.php?rest_route=%2Fwp%2Fv2%2Ftags&post=188450"}],"curies":[{"name":"wp","href":"https:\/\/api.w.org\/{rel}","templated":true}]}}