{"id":188455,"date":"2019-08-14T14:36:52","date_gmt":"2019-08-14T11:36:52","guid":{"rendered":"http:\/\/www.sana.sy\/tr\/?p=188455"},"modified":"2019-08-15T14:17:22","modified_gmt":"2019-08-15T11:17:22","slug":"teror-mayininda-2-cocuk-sehit-dustu-3","status":"publish","type":"post","link":"https:\/\/archive.sana.sy\/tr\/?p=188455","title":{"rendered":"Ter\u00f6r May\u0131n\u0131nda 2 \u00c7ocuk \u015eehit D\u00fc\u015ft\u00fc"},"content":{"rendered":"<p>HOMS \u2013 Homs k\u0131rsal\u0131n\u0131n kuzeyi Ho\u015f Hajo B\u00f6lgesinde radikal ter\u00f6r gruplar\u0131ndan kalma may\u0131n patlamas\u0131ndan dolay\u0131 2 \u00e7ocuk \u015fehit ve baz\u0131 sivil vatanda\u015f yaral\u0131 d\u00fc\u015ft\u00fc.<\/p>\n<p>SANA\u2019n\u0131n Homs muhabiri; Homs k\u0131rsal\u0131n\u0131n kuzeyinde yer alan Ho\u015f Hajo B\u00f6lgesinde radikal ter\u00f6r gruplar\u0131n\u0131n yok olmadan saklad\u0131klar\u0131 may\u0131n patlamas\u0131nda dolay\u0131 2 \u00e7ocu\u011fun \u015fehit ve baz\u0131 vatanda\u015f\u0131n yaral\u0131 d\u00fc\u015ft\u00fcklerini belirtti.<\/p>\n<p>Muhabir; yaral\u0131 d\u00fc\u015fen vatanda\u015flar\u0131n gerekli t\u0131bbi yard\u0131mlar i\u00e7in Karam Loz B\u00f6lgesinde bulanan Basil Hastanesine kald\u0131r\u0131ld\u0131klar\u0131n\u0131 belirtti.<\/p>\n<p>\u00c7eviri: P.M.<\/p>\n","protected":false},"excerpt":{"rendered":"<p>HOMS \u2013 Homs k\u0131rsal\u0131n\u0131n kuzeyi Ho\u015f Hajo B\u00f6lgesinde radikal ter\u00f6r gruplar\u0131ndan kalma may\u0131n patlamas\u0131ndan dolay\u0131 2 \u00e7ocuk \u015fehit ve baz\u0131 sivil vatanda\u015f yaral\u0131 d\u00fc\u015ft\u00fc. SANA\u2019n\u0131n Homs muhabiri; Homs k\u0131rsal\u0131n\u0131n kuzeyinde yer alan Ho\u015f Hajo B\u00f6lgesinde radikal ter\u00f6r gruplar\u0131n\u0131n yok olmadan saklad\u0131klar\u0131 may\u0131n patlamas\u0131nda dolay\u0131 2 \u00e7ocu\u011fun \u015fehit ve baz\u0131 vatanda\u015f\u0131n yaral\u0131 d\u00fc\u015ft\u00fcklerini belirtti. Muhabir; yaral\u0131 &hellip;<\/p>\n","protected":false},"author":1,"featured_media":188456,"comment_status":"closed","ping_status":"closed","sticky":false,"template":"","format":"standard","meta":{"footnotes":""},"categories":[479,575,17988,478],"tags":[],"class_list":["post-188455","post","type-post","status-publish","format-standard","has-post-thumbnail","","category-haberler-yerel","category-olaylar-ve-gercekler","category-son-haberler","category-yerel"],"_links":{"self":[{"href":"https:\/\/archive.sana.sy\/tr\/index.php?rest_route=\/wp\/v2\/posts\/188455","targetHints":{"allow":["GET"]}}],"collection":[{"href":"https:\/\/archive.sana.sy\/tr\/index.php?rest_route=\/wp\/v2\/posts"}],"about":[{"href":"https:\/\/archive.sana.sy\/tr\/index.php?rest_route=\/wp\/v2\/types\/post"}],"author":[{"embeddable":true,"href":"https:\/\/archive.sana.sy\/tr\/index.php?rest_route=\/wp\/v2\/users\/1"}],"replies":[{"embeddable":true,"href":"https:\/\/archive.sana.sy\/tr\/index.php?rest_route=%2Fwp%2Fv2%2Fcomments&post=188455"}],"version-history":[{"count":0,"href":"https:\/\/archive.sana.sy\/tr\/index.php?rest_route=\/wp\/v2\/posts\/188455\/revisions"}],"wp:featuredmedia":[{"embeddable":true,"href":"https:\/\/archive.sana.sy\/tr\/index.php?rest_route=\/wp\/v2\/media\/188456"}],"wp:attachment":[{"href":"https:\/\/archive.sana.sy\/tr\/index.php?rest_route=%2Fwp%2Fv2%2Fmedia&parent=188455"}],"wp:term":[{"taxonomy":"category","embeddable":true,"href":"https:\/\/archive.sana.sy\/tr\/index.php?rest_route=%2Fwp%2Fv2%2Fcategories&post=188455"},{"taxonomy":"post_tag","embeddable":true,"href":"https:\/\/archive.sana.sy\/tr\/index.php?rest_route=%2Fwp%2Fv2%2Ftags&post=188455"}],"curies":[{"name":"wp","href":"https:\/\/api.w.org\/{rel}","templated":true}]}}