{"id":188500,"date":"2019-08-15T14:27:37","date_gmt":"2019-08-15T11:27:37","guid":{"rendered":"http:\/\/www.sana.sy\/tr\/?p=188500"},"modified":"2019-08-16T13:56:44","modified_gmt":"2019-08-16T10:56:44","slug":"11-ulkeden-rakiplerini-geride-birakti","status":"publish","type":"post","link":"https:\/\/archive.sana.sy\/tr\/?p=188500","title":{"rendered":"11 \u00dclkeden Rakiplerini Geride B\u0131rakt\u0131"},"content":{"rendered":"<p>BEYRUT \u2013 L\u00fcbnan\u2019\u0131n ba\u015fkenti Beyrut\u2019ta d\u00fczenlenen 3. Bat\u0131 Asya \u015eampiyonas\u0131na kat\u0131lan Suriye tak\u0131m\u0131ndan Ramiye \u015eaban \u015fampiyonlu\u011fun ilk g\u00fcn\u00fcnde Suriye&#8217;ye bir alt\u0131n madalya kazand\u0131rd\u0131.<\/p>\n<p>\u015eaban 11 \u00fclkeden gen\u00e7 k\u0131zlar aras\u0131nda d\u00fczenlenen 5 km h\u0131zl\u0131 y\u00fcr\u00fcme yar\u0131\u015flar\u0131nda t\u00fcm rakiplerini geride b\u0131rakarak alt\u0131n madalya kazand\u0131.<\/p>\n<p><a href=\"http:\/\/www.sana.sy\/tr\/wp-content\/uploads\/2019\/08\/2-13.jpg\"><img loading=\"lazy\" decoding=\"async\" class=\"aligncenter wp-image-188504 size-full\" src=\"http:\/\/www.sana.sy\/tr\/wp-content\/uploads\/2019\/08\/2-13.jpg\" alt=\"\" width=\"241\" height=\"400\" srcset=\"https:\/\/archive.sana.sy\/tr\/wp-content\/uploads\/2019\/08\/2-13.jpg 241w, https:\/\/archive.sana.sy\/tr\/wp-content\/uploads\/2019\/08\/2-13-90x150.jpg 90w, https:\/\/archive.sana.sy\/tr\/wp-content\/uploads\/2019\/08\/2-13-181x300.jpg 181w\" sizes=\"auto, (max-width: 241px) 100vw, 241px\" \/><\/a><\/p>\n","protected":false},"excerpt":{"rendered":"<p>BEYRUT \u2013 L\u00fcbnan\u2019\u0131n ba\u015fkenti Beyrut\u2019ta d\u00fczenlenen 3. Bat\u0131 Asya \u015eampiyonas\u0131na kat\u0131lan Suriye tak\u0131m\u0131ndan Ramiye \u015eaban \u015fampiyonlu\u011fun ilk g\u00fcn\u00fcnde Suriye&#8217;ye bir alt\u0131n madalya kazand\u0131rd\u0131. \u015eaban 11 \u00fclkeden gen\u00e7 k\u0131zlar aras\u0131nda d\u00fczenlenen 5 km h\u0131zl\u0131 y\u00fcr\u00fcme yar\u0131\u015flar\u0131nda t\u00fcm rakiplerini geride b\u0131rakarak alt\u0131n madalya kazand\u0131.<\/p>\n","protected":false},"author":1,"featured_media":188503,"comment_status":"closed","ping_status":"closed","sticky":false,"template":"","format":"standard","meta":{"footnotes":""},"categories":[498,17988,496],"tags":[],"class_list":["post-188500","post","type-post","status-publish","format-standard","has-post-thumbnail","","category-dunya-turnuvalari","category-son-haberler","category-spor"],"_links":{"self":[{"href":"https:\/\/archive.sana.sy\/tr\/index.php?rest_route=\/wp\/v2\/posts\/188500","targetHints":{"allow":["GET"]}}],"collection":[{"href":"https:\/\/archive.sana.sy\/tr\/index.php?rest_route=\/wp\/v2\/posts"}],"about":[{"href":"https:\/\/archive.sana.sy\/tr\/index.php?rest_route=\/wp\/v2\/types\/post"}],"author":[{"embeddable":true,"href":"https:\/\/archive.sana.sy\/tr\/index.php?rest_route=\/wp\/v2\/users\/1"}],"replies":[{"embeddable":true,"href":"https:\/\/archive.sana.sy\/tr\/index.php?rest_route=%2Fwp%2Fv2%2Fcomments&post=188500"}],"version-history":[{"count":0,"href":"https:\/\/archive.sana.sy\/tr\/index.php?rest_route=\/wp\/v2\/posts\/188500\/revisions"}],"wp:featuredmedia":[{"embeddable":true,"href":"https:\/\/archive.sana.sy\/tr\/index.php?rest_route=\/wp\/v2\/media\/188503"}],"wp:attachment":[{"href":"https:\/\/archive.sana.sy\/tr\/index.php?rest_route=%2Fwp%2Fv2%2Fmedia&parent=188500"}],"wp:term":[{"taxonomy":"category","embeddable":true,"href":"https:\/\/archive.sana.sy\/tr\/index.php?rest_route=%2Fwp%2Fv2%2Fcategories&post=188500"},{"taxonomy":"post_tag","embeddable":true,"href":"https:\/\/archive.sana.sy\/tr\/index.php?rest_route=%2Fwp%2Fv2%2Ftags&post=188500"}],"curies":[{"name":"wp","href":"https:\/\/api.w.org\/{rel}","templated":true}]}}