{"id":188568,"date":"2019-08-16T12:55:49","date_gmt":"2019-08-16T09:55:49","guid":{"rendered":"http:\/\/www.sana.sy\/tr\/?p=188568"},"modified":"2019-08-17T14:31:12","modified_gmt":"2019-08-17T11:31:12","slug":"sener-erdogan-israile-hizmet-icin-suriyedeki-teror-orgutlerini-destekliyor","status":"publish","type":"post","link":"https:\/\/archive.sana.sy\/tr\/?p=188568","title":{"rendered":"\u015eener: Erdo\u011fan \u0130srail&#8217;e Hizmet \u0130\u00e7in Suriye&#8217;deki Ter\u00f6r \u00d6rg\u00fctlerini Destekliyor"},"content":{"rendered":"<p style=\"text-align: justify\">ANKARA \u2013 Eski Ba\u015fbakan Yard\u0131mc\u0131s\u0131 ve Maliye Bakan\u0131 Abdullatif \u015eener, T\u00fcrk rejimi ba\u015fkan\u0131 Recep Tayyip Erdo\u011fan&#8217;a Suriye&#8217;deki ter\u00f6rist gruplar\u0131n varl\u0131\u011f\u0131 sorumlulu\u011funu y\u00fckleyerek, s\u00f6z konusu rejimin bu \u00f6rg\u00fctlere Suriye&#8217;yi \u0130srail hizmeti i\u00e7in y\u0131kmak hedefiyle her t\u00fcrl\u00fc deste\u011fi sundu\u011funu belirtti.<\/p>\n<p style=\"text-align: justify\">Bir T\u00fcrk televizyonuna verdi\u011fi deme\u00e7te \u015eener, Erdo\u011fan \u0130srail&#8217;i hem tehdit ediyor hem de vaat veriyor ancak bunlarda ciddi de\u011fildir. Bu konuda her s\u00f6yledi\u011fi T\u00fcrkiye&#8217;nin dahilini istismar etmek i\u00e7indir \u00e7\u00fcnk\u00fc \u0130srail&#8217;e kar\u015f\u0131 ne eskiden ne \u015fimdi hi\u00e7bir \u015fey yapmayacakt\u0131r&#8221; dedi.<\/p>\n<p style=\"text-align: justify\">\u015eener, Amerika ve T\u00fcrk i\u015fgallerinin Suriye&#8217;nin kuzeyinde s\u00f6zde &#8220;tampon b\u00f6lge&#8221; kurmak i\u00e7in ilan ettiklerinin \u0130srail&#8217; hizmet oldu\u011funu vurgulad\u0131.<\/p>\n<p>\u00c7eviri: S. \u015eahhut.<\/p>\n","protected":false},"excerpt":{"rendered":"<p>ANKARA \u2013 Eski Ba\u015fbakan Yard\u0131mc\u0131s\u0131 ve Maliye Bakan\u0131 Abdullatif \u015eener, T\u00fcrk rejimi ba\u015fkan\u0131 Recep Tayyip Erdo\u011fan&#8217;a Suriye&#8217;deki ter\u00f6rist gruplar\u0131n varl\u0131\u011f\u0131 sorumlulu\u011funu y\u00fckleyerek, s\u00f6z konusu rejimin bu \u00f6rg\u00fctlere Suriye&#8217;yi \u0130srail hizmeti i\u00e7in y\u0131kmak hedefiyle her t\u00fcrl\u00fc deste\u011fi sundu\u011funu belirtti. Bir T\u00fcrk televizyonuna verdi\u011fi deme\u00e7te \u015eener, Erdo\u011fan \u0130srail&#8217;i hem tehdit ediyor hem de vaat veriyor ancak bunlarda &hellip;<\/p>\n","protected":false},"author":1,"featured_media":188569,"comment_status":"closed","ping_status":"closed","sticky":false,"template":"","format":"standard","meta":{"footnotes":""},"categories":[17988,2554,2555],"tags":[],"class_list":["post-188568","post","type-post","status-publish","format-standard","has-post-thumbnail","","category-son-haberler","category-suriye-ve-dunya","category-suriye-ve-turkiye"],"_links":{"self":[{"href":"https:\/\/archive.sana.sy\/tr\/index.php?rest_route=\/wp\/v2\/posts\/188568","targetHints":{"allow":["GET"]}}],"collection":[{"href":"https:\/\/archive.sana.sy\/tr\/index.php?rest_route=\/wp\/v2\/posts"}],"about":[{"href":"https:\/\/archive.sana.sy\/tr\/index.php?rest_route=\/wp\/v2\/types\/post"}],"author":[{"embeddable":true,"href":"https:\/\/archive.sana.sy\/tr\/index.php?rest_route=\/wp\/v2\/users\/1"}],"replies":[{"embeddable":true,"href":"https:\/\/archive.sana.sy\/tr\/index.php?rest_route=%2Fwp%2Fv2%2Fcomments&post=188568"}],"version-history":[{"count":0,"href":"https:\/\/archive.sana.sy\/tr\/index.php?rest_route=\/wp\/v2\/posts\/188568\/revisions"}],"wp:featuredmedia":[{"embeddable":true,"href":"https:\/\/archive.sana.sy\/tr\/index.php?rest_route=\/wp\/v2\/media\/188569"}],"wp:attachment":[{"href":"https:\/\/archive.sana.sy\/tr\/index.php?rest_route=%2Fwp%2Fv2%2Fmedia&parent=188568"}],"wp:term":[{"taxonomy":"category","embeddable":true,"href":"https:\/\/archive.sana.sy\/tr\/index.php?rest_route=%2Fwp%2Fv2%2Fcategories&post=188568"},{"taxonomy":"post_tag","embeddable":true,"href":"https:\/\/archive.sana.sy\/tr\/index.php?rest_route=%2Fwp%2Fv2%2Ftags&post=188568"}],"curies":[{"name":"wp","href":"https:\/\/api.w.org\/{rel}","templated":true}]}}