{"id":188667,"date":"2019-08-18T14:20:49","date_gmt":"2019-08-18T11:20:49","guid":{"rendered":"http:\/\/www.sana.sy\/tr\/?p=188667"},"modified":"2019-08-19T13:28:15","modified_gmt":"2019-08-19T10:28:15","slug":"israil-yine-gazzeye-saldirdi","status":"publish","type":"post","link":"https:\/\/archive.sana.sy\/tr\/?p=188667","title":{"rendered":"\u0130srail Yine Gazze\u2019ye Sald\u0131rd\u0131"},"content":{"rendered":"<p>KUD\u00dcS \u2013 \u0130\u015fgalci \u0130srail g\u00fc\u00e7leri bug\u00fcn erken saatlerde yine Gazze Kesiminin kuzeyinde yer alan Beyt Lahya Beldesini bombalad\u0131.<\/p>\n<p>Filistinli Vafa Haber Ajans\u0131 i\u015fgal g\u00fc\u00e7lerinin y\u0131llard\u0131r s\u0131k\u0131 ku\u015fatma alt\u0131nda tuttuklar\u0131 Gazze Kesiminin kuzeyinde yer alan Beyt Lahya Beldesinin farkl\u0131 b\u00f6lgelerini top ate\u015fine tuttuklar\u0131n\u0131 aktard\u0131. Haberde i\u015fgal g\u00fc\u00e7lerinin s\u00f6z konusu sald\u0131r\u0131lar\u0131na e\u015f zamanl\u0131 olarak beldenin kuzey kenarlar\u0131nda bulunan Filistinli bir grup gence otomatik silahlarla ate\u015f a\u00e7t\u0131klar\u0131 belirtildi. Bunun sonucunda Filistinli 3 gencin \u015fehit d\u00fc\u015ft\u00fckleri ifade edilirken, bir gencin de yaraland\u0131\u011f\u0131 kaydedildi.<\/p>\n","protected":false},"excerpt":{"rendered":"<p>KUD\u00dcS \u2013 \u0130\u015fgalci \u0130srail g\u00fc\u00e7leri bug\u00fcn erken saatlerde yine Gazze Kesiminin kuzeyinde yer alan Beyt Lahya Beldesini bombalad\u0131. Filistinli Vafa Haber Ajans\u0131 i\u015fgal g\u00fc\u00e7lerinin y\u0131llard\u0131r s\u0131k\u0131 ku\u015fatma alt\u0131nda tuttuklar\u0131 Gazze Kesiminin kuzeyinde yer alan Beyt Lahya Beldesinin farkl\u0131 b\u00f6lgelerini top ate\u015fine tuttuklar\u0131n\u0131 aktard\u0131. Haberde i\u015fgal g\u00fc\u00e7lerinin s\u00f6z konusu sald\u0131r\u0131lar\u0131na e\u015f zamanl\u0131 olarak beldenin kuzey kenarlar\u0131nda &hellip;<\/p>\n","protected":false},"author":1,"featured_media":188668,"comment_status":"closed","ping_status":"closed","sticky":false,"template":"","format":"standard","meta":{"footnotes":""},"categories":[458,459,17988],"tags":[],"class_list":["post-188667","post","type-post","status-publish","format-standard","has-post-thumbnail","","category-dunya1","category-haberler-arap-uluslararasi-politika","category-son-haberler"],"_links":{"self":[{"href":"https:\/\/archive.sana.sy\/tr\/index.php?rest_route=\/wp\/v2\/posts\/188667","targetHints":{"allow":["GET"]}}],"collection":[{"href":"https:\/\/archive.sana.sy\/tr\/index.php?rest_route=\/wp\/v2\/posts"}],"about":[{"href":"https:\/\/archive.sana.sy\/tr\/index.php?rest_route=\/wp\/v2\/types\/post"}],"author":[{"embeddable":true,"href":"https:\/\/archive.sana.sy\/tr\/index.php?rest_route=\/wp\/v2\/users\/1"}],"replies":[{"embeddable":true,"href":"https:\/\/archive.sana.sy\/tr\/index.php?rest_route=%2Fwp%2Fv2%2Fcomments&post=188667"}],"version-history":[{"count":0,"href":"https:\/\/archive.sana.sy\/tr\/index.php?rest_route=\/wp\/v2\/posts\/188667\/revisions"}],"wp:featuredmedia":[{"embeddable":true,"href":"https:\/\/archive.sana.sy\/tr\/index.php?rest_route=\/wp\/v2\/media\/188668"}],"wp:attachment":[{"href":"https:\/\/archive.sana.sy\/tr\/index.php?rest_route=%2Fwp%2Fv2%2Fmedia&parent=188667"}],"wp:term":[{"taxonomy":"category","embeddable":true,"href":"https:\/\/archive.sana.sy\/tr\/index.php?rest_route=%2Fwp%2Fv2%2Fcategories&post=188667"},{"taxonomy":"post_tag","embeddable":true,"href":"https:\/\/archive.sana.sy\/tr\/index.php?rest_route=%2Fwp%2Fv2%2Ftags&post=188667"}],"curies":[{"name":"wp","href":"https:\/\/api.w.org\/{rel}","templated":true}]}}