{"id":188673,"date":"2019-08-17T22:03:55","date_gmt":"2019-08-17T19:03:55","guid":{"rendered":"http:\/\/www.sana.sy\/tr\/?p=188673"},"modified":"2019-08-19T13:27:49","modified_gmt":"2019-08-19T10:27:49","slug":"ordu-idlib-kirsalinda-teroru-yok-edip-ilerliyor","status":"publish","type":"post","link":"https:\/\/archive.sana.sy\/tr\/?p=188673","title":{"rendered":"Ordu \u0130dlib K\u0131rsal\u0131nda Ter\u00f6r\u00fc Yok Edip \u0130lerliyor"},"content":{"rendered":"<p>\u0130DL\u0130B \u2013 Vatan koruyucular\u0131 ordu birliklerimiz \u0130dlib \u0130linin g\u00fcney k\u0131rsal\u0131nda belli ba\u015fl\u0131 d\u0131\u015f g\u00fc\u00e7lere tabi ter\u00f6ristlere kar\u015f\u0131 operasyonlar\u0131n\u0131 ba\u015far\u0131yla s\u00fcrd\u00fcr\u00fcp d\u0131\u015f g\u00fc\u00e7lerin Suriye ve halk\u0131na y\u00f6nelik sava\u015fta edat olarak kulland\u0131klar\u0131 ter\u00f6ristleri a\u011f\u0131r kay\u0131plara u\u011fratt\u0131.<\/p>\n<p>SANA muhabiri ordu birliklerimizin son iki g\u00fcn i\u00e7inde Han \u015eeyhun Kentinin bat\u0131s\u0131nda yer alan bir\u00e7ok belde ve k\u00f6y\u00fc kurtar\u0131p kontrollerine almalar\u0131 ard\u0131ndan kentin kuzeybat\u0131s\u0131nda yer alan Madaya Beldesi ekseninde Nusra Cephesine tabi ter\u00f6r gruplar\u0131 ile \u015fiddetli \u00e7at\u0131\u015fmalara girdiklerini aktard\u0131.<\/p>\n<p>\u015eiddetli \u00e7at\u0131\u015fmalarda aralar\u0131nda tehlikeli isimlerin bulundu\u011fu \u00e7ok say\u0131da ter\u00f6ristin \u00f6ld\u00fcr\u00fcld\u00fc\u011f\u00fcn\u00fc ifade eden muhabir; sa\u011f kalanlar\u0131n ise arkalar\u0131nda bir\u00e7ok ceset ve farkl\u0131 t\u00fcr silahlar b\u0131rak\u0131p kuzey y\u00f6n\u00fcne ka\u00e7t\u0131klar\u0131n\u0131 belirtti.<\/p>\n<p>Muhabir top\u00e7u birliklerimizin Temanie Beldesi civar\u0131nda kara operasyonuna haz\u0131rl\u0131k olarak belli ba\u015fl\u0131 d\u0131\u015f g\u00fc\u00e7lere tabi radikal ter\u00f6ristlerin mevki ve hareketlenmelerini yo\u011fun ate\u015fe tuttuklar\u0131n\u0131 ifade etti.<\/p>\n<p>Vatan koruyucular\u0131 ordu birliklerimiz son birka\u00e7 g\u00fcn i\u00e7inde Hama k\u0131rsal\u0131n\u0131n kuzeyi ve \u0130dlib k\u0131rsal\u0131n\u0131n g\u00fcneyinde \u00e7ok say\u0131da belde ve k\u00f6y\u00fc ter\u00f6ristlerden kurtar\u0131p vatanda\u015flar\u0131n can ve mal g\u00fcvenli\u011fini temin etti.<\/p>\n","protected":false},"excerpt":{"rendered":"<p>\u0130DL\u0130B \u2013 Vatan koruyucular\u0131 ordu birliklerimiz \u0130dlib \u0130linin g\u00fcney k\u0131rsal\u0131nda belli ba\u015fl\u0131 d\u0131\u015f g\u00fc\u00e7lere tabi ter\u00f6ristlere kar\u015f\u0131 operasyonlar\u0131n\u0131 ba\u015far\u0131yla s\u00fcrd\u00fcr\u00fcp d\u0131\u015f g\u00fc\u00e7lerin Suriye ve halk\u0131na y\u00f6nelik sava\u015fta edat olarak kulland\u0131klar\u0131 ter\u00f6ristleri a\u011f\u0131r kay\u0131plara u\u011fratt\u0131. SANA muhabiri ordu birliklerimizin son iki g\u00fcn i\u00e7inde Han \u015eeyhun Kentinin bat\u0131s\u0131nda yer alan bir\u00e7ok belde ve k\u00f6y\u00fc kurtar\u0131p kontrollerine almalar\u0131 &hellip;<\/p>\n","protected":false},"author":1,"featured_media":188674,"comment_status":"closed","ping_status":"closed","sticky":false,"template":"","format":"standard","meta":{"footnotes":""},"categories":[479,575,17988,478],"tags":[],"class_list":["post-188673","post","type-post","status-publish","format-standard","has-post-thumbnail","","category-haberler-yerel","category-olaylar-ve-gercekler","category-son-haberler","category-yerel"],"_links":{"self":[{"href":"https:\/\/archive.sana.sy\/tr\/index.php?rest_route=\/wp\/v2\/posts\/188673","targetHints":{"allow":["GET"]}}],"collection":[{"href":"https:\/\/archive.sana.sy\/tr\/index.php?rest_route=\/wp\/v2\/posts"}],"about":[{"href":"https:\/\/archive.sana.sy\/tr\/index.php?rest_route=\/wp\/v2\/types\/post"}],"author":[{"embeddable":true,"href":"https:\/\/archive.sana.sy\/tr\/index.php?rest_route=\/wp\/v2\/users\/1"}],"replies":[{"embeddable":true,"href":"https:\/\/archive.sana.sy\/tr\/index.php?rest_route=%2Fwp%2Fv2%2Fcomments&post=188673"}],"version-history":[{"count":0,"href":"https:\/\/archive.sana.sy\/tr\/index.php?rest_route=\/wp\/v2\/posts\/188673\/revisions"}],"wp:featuredmedia":[{"embeddable":true,"href":"https:\/\/archive.sana.sy\/tr\/index.php?rest_route=\/wp\/v2\/media\/188674"}],"wp:attachment":[{"href":"https:\/\/archive.sana.sy\/tr\/index.php?rest_route=%2Fwp%2Fv2%2Fmedia&parent=188673"}],"wp:term":[{"taxonomy":"category","embeddable":true,"href":"https:\/\/archive.sana.sy\/tr\/index.php?rest_route=%2Fwp%2Fv2%2Fcategories&post=188673"},{"taxonomy":"post_tag","embeddable":true,"href":"https:\/\/archive.sana.sy\/tr\/index.php?rest_route=%2Fwp%2Fv2%2Ftags&post=188673"}],"curies":[{"name":"wp","href":"https:\/\/api.w.org\/{rel}","templated":true}]}}