{"id":188682,"date":"2019-08-18T17:11:40","date_gmt":"2019-08-18T14:11:40","guid":{"rendered":"http:\/\/www.sana.sy\/tr\/?p=188682"},"modified":"2019-08-19T13:26:50","modified_gmt":"2019-08-19T10:26:50","slug":"bati-asya-gencler-masa-topunda-genc-kizlar-kategorisinde-suriyeye-bir-altin-madalya-daha","status":"publish","type":"post","link":"https:\/\/archive.sana.sy\/tr\/?p=188682","title":{"rendered":"Bat\u0131 Asya Gen\u00e7ler Masa Topunda Gen\u00e7 K\u0131zlar Kategorisinde Suriye&#8217;ye Bir Alt\u0131n Madalya Daha"},"content":{"rendered":"<p style=\"text-align: justify\">AMMAN \u2013 Suriye Masa Topu Milli Tak\u0131m\u0131m\u0131z \u00dcrd\u00fcn&#8217;\u00fcn ba\u015fkenti Amman&#8217;\u0131n ev sahipli\u011fini yapt\u0131\u011f\u0131 Bat\u0131 Asya Tak\u0131mlar\u0131 3. \u015eampiyonas\u0131nda birinci s\u0131ray\u0131 alarak alt\u0131n madalyan\u0131n sahibi oldu.<\/p>\n<p style=\"text-align: justify\">Birinci turda millilerimiz \u00dcrd\u00fcn&#8217;\u00fc 3-1 yenerek finale y\u00fckseldi. Finalde ge\u00e7en \u015fampiyonan\u0131n \u015fampiyonu L\u00fcbnan&#8217;\u0131 da 3-1 yenmeyi ba\u015fard\u0131.<\/p>\n<p style=\"text-align: justify\">Gen\u00e7 k\u0131zlar tak\u0131m\u0131m\u0131z\u0131 Zeyna Esaad, Aya Ali ve Suzan Muhammed antren\u00f6r Suha Ennus \u015fle temsil etti.<\/p>\n<p style=\"text-align: justify\">Ayn\u0131 kategoride de yine bir ya\u015f alt\u0131 k\u0131zlarda \u00dcrd\u00fcn tak\u0131m\u0131n\u0131 3-0 yenen k\u0131zlar\u0131m\u0131z yar\u0131n alt\u0131n madalya m\u00fccadelesinde L\u00fcbnan ile kar\u015f\u0131 kar\u015f\u0131ya gelecek.<\/p>\n","protected":false},"excerpt":{"rendered":"<p>AMMAN \u2013 Suriye Masa Topu Milli Tak\u0131m\u0131m\u0131z \u00dcrd\u00fcn&#8217;\u00fcn ba\u015fkenti Amman&#8217;\u0131n ev sahipli\u011fini yapt\u0131\u011f\u0131 Bat\u0131 Asya Tak\u0131mlar\u0131 3. \u015eampiyonas\u0131nda birinci s\u0131ray\u0131 alarak alt\u0131n madalyan\u0131n sahibi oldu. Birinci turda millilerimiz \u00dcrd\u00fcn&#8217;\u00fc 3-1 yenerek finale y\u00fckseldi. Finalde ge\u00e7en \u015fampiyonan\u0131n \u015fampiyonu L\u00fcbnan&#8217;\u0131 da 3-1 yenmeyi ba\u015fard\u0131. Gen\u00e7 k\u0131zlar tak\u0131m\u0131m\u0131z\u0131 Zeyna Esaad, Aya Ali ve Suzan Muhammed antren\u00f6r Suha Ennus &hellip;<\/p>\n","protected":false},"author":1,"featured_media":188683,"comment_status":"closed","ping_status":"closed","sticky":false,"template":"","format":"standard","meta":{"footnotes":""},"categories":[498,17988,496],"tags":[],"class_list":["post-188682","post","type-post","status-publish","format-standard","has-post-thumbnail","","category-dunya-turnuvalari","category-son-haberler","category-spor"],"_links":{"self":[{"href":"https:\/\/archive.sana.sy\/tr\/index.php?rest_route=\/wp\/v2\/posts\/188682","targetHints":{"allow":["GET"]}}],"collection":[{"href":"https:\/\/archive.sana.sy\/tr\/index.php?rest_route=\/wp\/v2\/posts"}],"about":[{"href":"https:\/\/archive.sana.sy\/tr\/index.php?rest_route=\/wp\/v2\/types\/post"}],"author":[{"embeddable":true,"href":"https:\/\/archive.sana.sy\/tr\/index.php?rest_route=\/wp\/v2\/users\/1"}],"replies":[{"embeddable":true,"href":"https:\/\/archive.sana.sy\/tr\/index.php?rest_route=%2Fwp%2Fv2%2Fcomments&post=188682"}],"version-history":[{"count":0,"href":"https:\/\/archive.sana.sy\/tr\/index.php?rest_route=\/wp\/v2\/posts\/188682\/revisions"}],"wp:featuredmedia":[{"embeddable":true,"href":"https:\/\/archive.sana.sy\/tr\/index.php?rest_route=\/wp\/v2\/media\/188683"}],"wp:attachment":[{"href":"https:\/\/archive.sana.sy\/tr\/index.php?rest_route=%2Fwp%2Fv2%2Fmedia&parent=188682"}],"wp:term":[{"taxonomy":"category","embeddable":true,"href":"https:\/\/archive.sana.sy\/tr\/index.php?rest_route=%2Fwp%2Fv2%2Fcategories&post=188682"},{"taxonomy":"post_tag","embeddable":true,"href":"https:\/\/archive.sana.sy\/tr\/index.php?rest_route=%2Fwp%2Fv2%2Ftags&post=188682"}],"curies":[{"name":"wp","href":"https:\/\/api.w.org\/{rel}","templated":true}]}}