{"id":188701,"date":"2019-08-19T14:37:51","date_gmt":"2019-08-19T11:37:51","guid":{"rendered":"http:\/\/www.sana.sy\/tr\/?p=188701"},"modified":"2019-08-20T15:30:41","modified_gmt":"2019-08-20T12:30:41","slug":"suriye-15-madalya-ile-ikinci-sirada-yer-aldi","status":"publish","type":"post","link":"https:\/\/archive.sana.sy\/tr\/?p=188701","title":{"rendered":"Suriye 15 Madalya ile \u0130kinci S\u0131rada Yer Ald\u0131"},"content":{"rendered":"<p>BEYRUT \u2013 Suriye&#8217;nin kat\u0131l\u0131m\u0131yla L\u00fcbnan\u2019\u0131n ba\u015fkenti Beyrut\u2019ta d\u00fczenlenen Bat\u0131 Asya Gen\u00e7ler \u015eampiyonas\u0131 faaliyetlerini tamamlad\u0131.<\/p>\n<p>Faaliyetlerin bitiminde Suriye kazand\u0131\u011f\u0131 15 madalya ile t\u00fcm yar\u0131\u015fmalar\u0131n genelinde ikinci s\u0131rada yer ald\u0131.<\/p>\n<p>&nbsp;<\/p>\n<div id='gallery-1' class='gallery galleryid-188701 gallery-columns-3 gallery-size-thumbnail'><figure class='gallery-item'>\n\t\t\t<div class='gallery-icon landscape'>\n\t\t\t\t<a href='https:\/\/archive.sana.sy\/tr\/wp-content\/uploads\/2019\/08\/photo_2019-08-19_09-18-16.jpg'><img loading=\"lazy\" decoding=\"async\" width=\"150\" height=\"89\" src=\"https:\/\/archive.sana.sy\/tr\/wp-content\/uploads\/2019\/08\/photo_2019-08-19_09-18-16-150x89.jpg\" class=\"attachment-thumbnail size-thumbnail\" alt=\"\" srcset=\"https:\/\/archive.sana.sy\/tr\/wp-content\/uploads\/2019\/08\/photo_2019-08-19_09-18-16-150x89.jpg 150w, https:\/\/archive.sana.sy\/tr\/wp-content\/uploads\/2019\/08\/photo_2019-08-19_09-18-16-300x177.jpg 300w, https:\/\/archive.sana.sy\/tr\/wp-content\/uploads\/2019\/08\/photo_2019-08-19_09-18-16-768x453.jpg 768w, https:\/\/archive.sana.sy\/tr\/wp-content\/uploads\/2019\/08\/photo_2019-08-19_09-18-16.jpg 840w\" sizes=\"auto, (max-width: 150px) 100vw, 150px\" \/><\/a>\n\t\t\t<\/div><\/figure><figure class='gallery-item'>\n\t\t\t<div class='gallery-icon landscape'>\n\t\t\t\t<a href='https:\/\/archive.sana.sy\/tr\/wp-content\/uploads\/2019\/08\/photo_2019-08-19_09-17-43.jpg'><img loading=\"lazy\" decoding=\"async\" width=\"150\" height=\"84\" src=\"https:\/\/archive.sana.sy\/tr\/wp-content\/uploads\/2019\/08\/photo_2019-08-19_09-17-43-150x84.jpg\" class=\"attachment-thumbnail size-thumbnail\" alt=\"\" srcset=\"https:\/\/archive.sana.sy\/tr\/wp-content\/uploads\/2019\/08\/photo_2019-08-19_09-17-43-150x84.jpg 150w, https:\/\/archive.sana.sy\/tr\/wp-content\/uploads\/2019\/08\/photo_2019-08-19_09-17-43-300x168.jpg 300w, https:\/\/archive.sana.sy\/tr\/wp-content\/uploads\/2019\/08\/photo_2019-08-19_09-17-43-768x429.jpg 768w, https:\/\/archive.sana.sy\/tr\/wp-content\/uploads\/2019\/08\/photo_2019-08-19_09-17-43.jpg 960w\" sizes=\"auto, (max-width: 150px) 100vw, 150px\" \/><\/a>\n\t\t\t<\/div><\/figure><figure class='gallery-item'>\n\t\t\t<div class='gallery-icon landscape'>\n\t\t\t\t<a href='https:\/\/archive.sana.sy\/tr\/wp-content\/uploads\/2019\/08\/photo_2019-08-19_09-16-38.jpg'><img loading=\"lazy\" decoding=\"async\" width=\"150\" height=\"92\" src=\"https:\/\/archive.sana.sy\/tr\/wp-content\/uploads\/2019\/08\/photo_2019-08-19_09-16-38-150x92.jpg\" class=\"attachment-thumbnail size-thumbnail\" alt=\"\" srcset=\"https:\/\/archive.sana.sy\/tr\/wp-content\/uploads\/2019\/08\/photo_2019-08-19_09-16-38-150x92.jpg 150w, https:\/\/archive.sana.sy\/tr\/wp-content\/uploads\/2019\/08\/photo_2019-08-19_09-16-38-300x184.jpg 300w, https:\/\/archive.sana.sy\/tr\/wp-content\/uploads\/2019\/08\/photo_2019-08-19_09-16-38.jpg 732w\" sizes=\"auto, (max-width: 150px) 100vw, 150px\" \/><\/a>\n\t\t\t<\/div><\/figure>\n\t\t<\/div>\n\n","protected":false},"excerpt":{"rendered":"<p>BEYRUT \u2013 Suriye&#8217;nin kat\u0131l\u0131m\u0131yla L\u00fcbnan\u2019\u0131n ba\u015fkenti Beyrut\u2019ta d\u00fczenlenen Bat\u0131 Asya Gen\u00e7ler \u015eampiyonas\u0131 faaliyetlerini tamamlad\u0131. Faaliyetlerin bitiminde Suriye kazand\u0131\u011f\u0131 15 madalya ile t\u00fcm yar\u0131\u015fmalar\u0131n genelinde ikinci s\u0131rada yer ald\u0131. &nbsp;<\/p>\n","protected":false},"author":1,"featured_media":188702,"comment_status":"closed","ping_status":"closed","sticky":false,"template":"","format":"standard","meta":{"footnotes":""},"categories":[498,596,17988,496],"tags":[],"class_list":["post-188701","post","type-post","status-publish","format-standard","has-post-thumbnail","","category-dunya-turnuvalari","category-fotografli-raporlar","category-son-haberler","category-spor"],"_links":{"self":[{"href":"https:\/\/archive.sana.sy\/tr\/index.php?rest_route=\/wp\/v2\/posts\/188701","targetHints":{"allow":["GET"]}}],"collection":[{"href":"https:\/\/archive.sana.sy\/tr\/index.php?rest_route=\/wp\/v2\/posts"}],"about":[{"href":"https:\/\/archive.sana.sy\/tr\/index.php?rest_route=\/wp\/v2\/types\/post"}],"author":[{"embeddable":true,"href":"https:\/\/archive.sana.sy\/tr\/index.php?rest_route=\/wp\/v2\/users\/1"}],"replies":[{"embeddable":true,"href":"https:\/\/archive.sana.sy\/tr\/index.php?rest_route=%2Fwp%2Fv2%2Fcomments&post=188701"}],"version-history":[{"count":0,"href":"https:\/\/archive.sana.sy\/tr\/index.php?rest_route=\/wp\/v2\/posts\/188701\/revisions"}],"wp:featuredmedia":[{"embeddable":true,"href":"https:\/\/archive.sana.sy\/tr\/index.php?rest_route=\/wp\/v2\/media\/188702"}],"wp:attachment":[{"href":"https:\/\/archive.sana.sy\/tr\/index.php?rest_route=%2Fwp%2Fv2%2Fmedia&parent=188701"}],"wp:term":[{"taxonomy":"category","embeddable":true,"href":"https:\/\/archive.sana.sy\/tr\/index.php?rest_route=%2Fwp%2Fv2%2Fcategories&post=188701"},{"taxonomy":"post_tag","embeddable":true,"href":"https:\/\/archive.sana.sy\/tr\/index.php?rest_route=%2Fwp%2Fv2%2Ftags&post=188701"}],"curies":[{"name":"wp","href":"https:\/\/api.w.org\/{rel}","templated":true}]}}