{"id":188711,"date":"2019-08-19T14:45:57","date_gmt":"2019-08-19T11:45:57","guid":{"rendered":"http:\/\/www.sana.sy\/tr\/?p=188711"},"modified":"2019-08-27T13:18:42","modified_gmt":"2019-08-27T10:18:42","slug":"grospic-kriz-suresinin-uzamasindan-turkiye-ve-abd-sorumludur","status":"publish","type":"post","link":"https:\/\/archive.sana.sy\/tr\/?p=188711","title":{"rendered":"Grospi\u00e7: Kriz S\u00fcresinin Uzamas\u0131ndan T\u00fcrkiye ve ABD Sorumludur"},"content":{"rendered":"<p>PRAG \u2013 \u00c7ek Cumhuriyeti Parlamentosunda Suriye ile parlamenter dostluk grubu ba\u015fkan\u0131 Stanislav Grospi\u00e7; T\u00fcrkiye rejimi ve ABD\u2019nin Suriye konusunda ilan ettikleri anla\u015fman\u0131n anormal olup su\u00e7 niteli\u011fi ta\u015f\u0131d\u0131\u011f\u0131n\u0131 belirtti.<\/p>\n<p>SANA\u2019n\u0131n Prag muhabirine deme\u00e7 veren \u00a0Grospic; Ankara ve Washington\u2019un Suriye&#8217;nin egemenli\u011fi ve toprak b\u00fct\u00fcnl\u00fc\u011f\u00fcn\u00fc tehdit ettiklerine vurgu yaparken, ikisinin de bu konuda hi\u00e7bir hakka sahip olmad\u0131klar\u0131n\u0131n alt\u0131n\u0131 \u00e7izdi.<\/p>\n<p>Grospi\u00e7 T\u00fcrkiye ve ABD g\u00fc\u00e7lerinin Suriye topraklar\u0131nda uluslararas\u0131 kanun ve kararlara ayk\u0131r\u0131 bir \u015fekilde bulunduklar\u0131n\u0131, bunun da uluslararas\u0131 kanunlarda bir su\u00e7 niteli\u011fi ta\u015f\u0131d\u0131\u011f\u0131n\u0131 kaydetti. \u0130kisinin Suriye&#8217;deki varl\u0131\u011f\u0131n\u0131n gayr\u0131 me\u015fru ve i\u015fgal say\u0131ld\u0131\u011f\u0131n\u0131 ifade eden Grospi\u00e7; T\u00fcrkiye rejimi ve ABD\u2019nin Suriye&#8217;de radikal ter\u00f6r\u00fc desteklediklerine bir kez daha vurgu yapt\u0131. Grospi\u00e7 s\u00f6z konusu iki taraf\u0131n Suriye&#8217;de kriz s\u00fcresinin uzamas\u0131 ve Suriyelilerin daha \u00e7ok ac\u0131 \u00e7ekmelerinin sorumlular\u0131 say\u0131ld\u0131\u011f\u0131n\u0131 s\u00f6yledi.<\/p>\n","protected":false},"excerpt":{"rendered":"<p>PRAG \u2013 \u00c7ek Cumhuriyeti Parlamentosunda Suriye ile parlamenter dostluk grubu ba\u015fkan\u0131 Stanislav Grospi\u00e7; T\u00fcrkiye rejimi ve ABD\u2019nin Suriye konusunda ilan ettikleri anla\u015fman\u0131n anormal olup su\u00e7 niteli\u011fi ta\u015f\u0131d\u0131\u011f\u0131n\u0131 belirtti. SANA\u2019n\u0131n Prag muhabirine deme\u00e7 veren \u00a0Grospic; Ankara ve Washington\u2019un Suriye&#8217;nin egemenli\u011fi ve toprak b\u00fct\u00fcnl\u00fc\u011f\u00fcn\u00fc tehdit ettiklerine vurgu yaparken, ikisinin de bu konuda hi\u00e7bir hakka sahip olmad\u0131klar\u0131n\u0131n alt\u0131n\u0131 &hellip;<\/p>\n","protected":false},"author":1,"featured_media":188713,"comment_status":"closed","ping_status":"closed","sticky":false,"template":"","format":"standard","meta":{"footnotes":""},"categories":[458,459,17988,2554,2555],"tags":[],"class_list":["post-188711","post","type-post","status-publish","format-standard","has-post-thumbnail","","category-dunya1","category-haberler-arap-uluslararasi-politika","category-son-haberler","category-suriye-ve-dunya","category-suriye-ve-turkiye"],"_links":{"self":[{"href":"https:\/\/archive.sana.sy\/tr\/index.php?rest_route=\/wp\/v2\/posts\/188711","targetHints":{"allow":["GET"]}}],"collection":[{"href":"https:\/\/archive.sana.sy\/tr\/index.php?rest_route=\/wp\/v2\/posts"}],"about":[{"href":"https:\/\/archive.sana.sy\/tr\/index.php?rest_route=\/wp\/v2\/types\/post"}],"author":[{"embeddable":true,"href":"https:\/\/archive.sana.sy\/tr\/index.php?rest_route=\/wp\/v2\/users\/1"}],"replies":[{"embeddable":true,"href":"https:\/\/archive.sana.sy\/tr\/index.php?rest_route=%2Fwp%2Fv2%2Fcomments&post=188711"}],"version-history":[{"count":0,"href":"https:\/\/archive.sana.sy\/tr\/index.php?rest_route=\/wp\/v2\/posts\/188711\/revisions"}],"wp:featuredmedia":[{"embeddable":true,"href":"https:\/\/archive.sana.sy\/tr\/index.php?rest_route=\/wp\/v2\/media\/188713"}],"wp:attachment":[{"href":"https:\/\/archive.sana.sy\/tr\/index.php?rest_route=%2Fwp%2Fv2%2Fmedia&parent=188711"}],"wp:term":[{"taxonomy":"category","embeddable":true,"href":"https:\/\/archive.sana.sy\/tr\/index.php?rest_route=%2Fwp%2Fv2%2Fcategories&post=188711"},{"taxonomy":"post_tag","embeddable":true,"href":"https:\/\/archive.sana.sy\/tr\/index.php?rest_route=%2Fwp%2Fv2%2Ftags&post=188711"}],"curies":[{"name":"wp","href":"https:\/\/api.w.org\/{rel}","templated":true}]}}