{"id":188715,"date":"2019-08-19T16:50:24","date_gmt":"2019-08-19T13:50:24","guid":{"rendered":"http:\/\/www.sana.sy\/tr\/?p=188715"},"modified":"2019-08-20T15:30:10","modified_gmt":"2019-08-20T12:30:10","slug":"fuar-icin-hazirliklar-devam-ediyor","status":"publish","type":"post","link":"https:\/\/archive.sana.sy\/tr\/?p=188715","title":{"rendered":"Fuar \u0130\u00e7in Haz\u0131rl\u0131klar Devam Ediyor"},"content":{"rendered":"<p>\u015eAM \u2013 Ortado\u011fu\u2019nun en \u00f6nemli ekonomik, k\u00fclt\u00fcrel ve sosyal faaliyetlerinden biri say\u0131lan Uluslararas\u0131 \u015eam Fuar\u0131n\u0131n 61. d\u00f6nem faaliyetleri tarihinin yak\u0131nla\u015fmas\u0131yla fuar haz\u0131rl\u0131klar\u0131 yo\u011fun bir \u015fekilde devam ediyor.<\/p>\n<p>\u015eam \u00c7evre Kent Valili\u011fi fuar\u0131n d\u00fczenlendi\u011fi ve \u015eam k\u0131rsal\u0131 Do\u011fu \u011euta\u2019da yer alan Uluslararas\u0131 Fuarlar Kenti ve yolunda onar\u0131m, tasar\u0131m ve s\u00fcsleme \u00e7al\u0131\u015fmalar\u0131n\u0131 son birka\u00e7 g\u00fcn i\u00e7inde ciddi anlamda yo\u011funla\u015ft\u0131rd\u0131.<\/p>\n<p>\u015eam \u00c7evre Kent Valisi Ala M\u00fcnir \u0130brahim s\u00f6z konusu \u00e7al\u0131\u015fmalar\u0131 incelerken, ilgili t\u00fcm kurum ve faaliyetleri sahip olduklar\u0131 olanaklar\u0131 fuar i\u00e7in seferber etmelerine davet etti.<\/p>\n<p>\u015eam ve \u015eam \u00c7evre Kent Tar\u0131m M\u00fcd\u00fcr\u00fc \u0130rfan Ziyade ise fuar kenti ve yolu \u00fczerinde bir dizi s\u00fcsleme ve ye\u015fillendirme \u00e7al\u0131\u015fmalar\u0131n\u0131n yap\u0131ld\u0131\u011f\u0131na dikkat \u00e7ekti.<\/p>\n<p>Uluslararas\u0131 \u015eam Fuar\u0131n\u0131n 61. D\u00f6nem \u00e7al\u0131\u015fmalar\u0131 bu y\u0131l onlarca \u00fclkeden b\u00fcy\u00fck bir kat\u0131l\u0131m ile 28 A\u011fustos ila 06 Eyl\u00fcl tarihleri aras\u0131nda d\u00fczenlenecek.<\/p>\n<p>&nbsp;<\/p>\n<div id='gallery-1' class='gallery galleryid-188715 gallery-columns-3 gallery-size-thumbnail'><figure class='gallery-item'>\n\t\t\t<div class='gallery-icon landscape'>\n\t\t\t\t<a href='https:\/\/archive.sana.sy\/tr\/wp-content\/uploads\/2019\/08\/DSC_8965.jpg'><img loading=\"lazy\" decoding=\"async\" width=\"150\" height=\"93\" src=\"https:\/\/archive.sana.sy\/tr\/wp-content\/uploads\/2019\/08\/DSC_8965-150x93.jpg\" class=\"attachment-thumbnail size-thumbnail\" alt=\"\" srcset=\"https:\/\/archive.sana.sy\/tr\/wp-content\/uploads\/2019\/08\/DSC_8965-150x93.jpg 150w, https:\/\/archive.sana.sy\/tr\/wp-content\/uploads\/2019\/08\/DSC_8965-300x186.jpg 300w, https:\/\/archive.sana.sy\/tr\/wp-content\/uploads\/2019\/08\/DSC_8965-768x476.jpg 768w, https:\/\/archive.sana.sy\/tr\/wp-content\/uploads\/2019\/08\/DSC_8965-1024x634.jpg 1024w\" sizes=\"auto, (max-width: 150px) 100vw, 150px\" \/><\/a>\n\t\t\t<\/div><\/figure><figure class='gallery-item'>\n\t\t\t<div class='gallery-icon landscape'>\n\t\t\t\t<a href='https:\/\/archive.sana.sy\/tr\/wp-content\/uploads\/2019\/08\/DSC_8985.jpg'><img loading=\"lazy\" decoding=\"async\" width=\"150\" height=\"100\" src=\"https:\/\/archive.sana.sy\/tr\/wp-content\/uploads\/2019\/08\/DSC_8985-150x100.jpg\" class=\"attachment-thumbnail size-thumbnail\" alt=\"\" srcset=\"https:\/\/archive.sana.sy\/tr\/wp-content\/uploads\/2019\/08\/DSC_8985-150x100.jpg 150w, https:\/\/archive.sana.sy\/tr\/wp-content\/uploads\/2019\/08\/DSC_8985-300x200.jpg 300w, https:\/\/archive.sana.sy\/tr\/wp-content\/uploads\/2019\/08\/DSC_8985-768x512.jpg 768w, https:\/\/archive.sana.sy\/tr\/wp-content\/uploads\/2019\/08\/DSC_8985-1024x683.jpg 1024w, https:\/\/archive.sana.sy\/tr\/wp-content\/uploads\/2019\/08\/DSC_8985-310x205.jpg 310w\" sizes=\"auto, (max-width: 150px) 100vw, 150px\" \/><\/a>\n\t\t\t<\/div><\/figure><figure class='gallery-item'>\n\t\t\t<div class='gallery-icon landscape'>\n\t\t\t\t<a href='https:\/\/archive.sana.sy\/tr\/wp-content\/uploads\/2019\/08\/DSC_8995.jpg'><img loading=\"lazy\" decoding=\"async\" width=\"150\" height=\"100\" src=\"https:\/\/archive.sana.sy\/tr\/wp-content\/uploads\/2019\/08\/DSC_8995-150x100.jpg\" class=\"attachment-thumbnail size-thumbnail\" alt=\"\" srcset=\"https:\/\/archive.sana.sy\/tr\/wp-content\/uploads\/2019\/08\/DSC_8995-150x100.jpg 150w, https:\/\/archive.sana.sy\/tr\/wp-content\/uploads\/2019\/08\/DSC_8995-300x200.jpg 300w, https:\/\/archive.sana.sy\/tr\/wp-content\/uploads\/2019\/08\/DSC_8995-768x512.jpg 768w, https:\/\/archive.sana.sy\/tr\/wp-content\/uploads\/2019\/08\/DSC_8995-1024x683.jpg 1024w, https:\/\/archive.sana.sy\/tr\/wp-content\/uploads\/2019\/08\/DSC_8995-310x205.jpg 310w\" sizes=\"auto, (max-width: 150px) 100vw, 150px\" \/><\/a>\n\t\t\t<\/div><\/figure><figure class='gallery-item'>\n\t\t\t<div class='gallery-icon landscape'>\n\t\t\t\t<a href='https:\/\/archive.sana.sy\/tr\/wp-content\/uploads\/2019\/08\/DSC_9004.jpg'><img loading=\"lazy\" decoding=\"async\" width=\"150\" height=\"100\" src=\"https:\/\/archive.sana.sy\/tr\/wp-content\/uploads\/2019\/08\/DSC_9004-150x100.jpg\" class=\"attachment-thumbnail size-thumbnail\" alt=\"\" srcset=\"https:\/\/archive.sana.sy\/tr\/wp-content\/uploads\/2019\/08\/DSC_9004-150x100.jpg 150w, https:\/\/archive.sana.sy\/tr\/wp-content\/uploads\/2019\/08\/DSC_9004-300x199.jpg 300w, https:\/\/archive.sana.sy\/tr\/wp-content\/uploads\/2019\/08\/DSC_9004-768x510.jpg 768w, https:\/\/archive.sana.sy\/tr\/wp-content\/uploads\/2019\/08\/DSC_9004-1024x680.jpg 1024w, https:\/\/archive.sana.sy\/tr\/wp-content\/uploads\/2019\/08\/DSC_9004-310x205.jpg 310w\" sizes=\"auto, (max-width: 150px) 100vw, 150px\" \/><\/a>\n\t\t\t<\/div><\/figure><figure class='gallery-item'>\n\t\t\t<div class='gallery-icon landscape'>\n\t\t\t\t<a href='https:\/\/archive.sana.sy\/tr\/wp-content\/uploads\/2019\/08\/DSC_9012.jpg'><img loading=\"lazy\" decoding=\"async\" width=\"150\" height=\"100\" src=\"https:\/\/archive.sana.sy\/tr\/wp-content\/uploads\/2019\/08\/DSC_9012-150x100.jpg\" class=\"attachment-thumbnail size-thumbnail\" alt=\"\" srcset=\"https:\/\/archive.sana.sy\/tr\/wp-content\/uploads\/2019\/08\/DSC_9012-150x100.jpg 150w, https:\/\/archive.sana.sy\/tr\/wp-content\/uploads\/2019\/08\/DSC_9012-300x200.jpg 300w, https:\/\/archive.sana.sy\/tr\/wp-content\/uploads\/2019\/08\/DSC_9012-768x512.jpg 768w, https:\/\/archive.sana.sy\/tr\/wp-content\/uploads\/2019\/08\/DSC_9012-1024x683.jpg 1024w, https:\/\/archive.sana.sy\/tr\/wp-content\/uploads\/2019\/08\/DSC_9012-310x205.jpg 310w\" sizes=\"auto, (max-width: 150px) 100vw, 150px\" \/><\/a>\n\t\t\t<\/div><\/figure><figure class='gallery-item'>\n\t\t\t<div class='gallery-icon landscape'>\n\t\t\t\t<a href='https:\/\/archive.sana.sy\/tr\/wp-content\/uploads\/2019\/08\/DSC_9016.jpg'><img loading=\"lazy\" decoding=\"async\" width=\"150\" height=\"94\" src=\"https:\/\/archive.sana.sy\/tr\/wp-content\/uploads\/2019\/08\/DSC_9016-150x94.jpg\" class=\"attachment-thumbnail size-thumbnail\" alt=\"\" srcset=\"https:\/\/archive.sana.sy\/tr\/wp-content\/uploads\/2019\/08\/DSC_9016-150x94.jpg 150w, https:\/\/archive.sana.sy\/tr\/wp-content\/uploads\/2019\/08\/DSC_9016-300x188.jpg 300w, https:\/\/archive.sana.sy\/tr\/wp-content\/uploads\/2019\/08\/DSC_9016-768x482.jpg 768w, https:\/\/archive.sana.sy\/tr\/wp-content\/uploads\/2019\/08\/DSC_9016-1024x642.jpg 1024w\" sizes=\"auto, (max-width: 150px) 100vw, 150px\" \/><\/a>\n\t\t\t<\/div><\/figure>\n\t\t<\/div>\n\n","protected":false},"excerpt":{"rendered":"<p>\u015eAM \u2013 Ortado\u011fu\u2019nun en \u00f6nemli ekonomik, k\u00fclt\u00fcrel ve sosyal faaliyetlerinden biri say\u0131lan Uluslararas\u0131 \u015eam Fuar\u0131n\u0131n 61. d\u00f6nem faaliyetleri tarihinin yak\u0131nla\u015fmas\u0131yla fuar haz\u0131rl\u0131klar\u0131 yo\u011fun bir \u015fekilde devam ediyor. \u015eam \u00c7evre Kent Valili\u011fi fuar\u0131n d\u00fczenlendi\u011fi ve \u015eam k\u0131rsal\u0131 Do\u011fu \u011euta\u2019da yer alan Uluslararas\u0131 Fuarlar Kenti ve yolunda onar\u0131m, tasar\u0131m ve s\u00fcsleme \u00e7al\u0131\u015fmalar\u0131n\u0131 son birka\u00e7 g\u00fcn i\u00e7inde ciddi &hellip;<\/p>\n","protected":false},"author":1,"featured_media":188716,"comment_status":"closed","ping_status":"closed","sticky":false,"template":"","format":"standard","meta":{"footnotes":""},"categories":[38173,485,596,486,479,17988,478],"tags":[],"class_list":["post-188715","post","type-post","status-publish","format-standard","has-post-thumbnail","","category-61-uluslararasi-sam-fuari","category-is-ve-sermaye","category-fotografli-raporlar","category-haberler-is-ve-sermaye","category-haberler-yerel","category-son-haberler","category-yerel"],"_links":{"self":[{"href":"https:\/\/archive.sana.sy\/tr\/index.php?rest_route=\/wp\/v2\/posts\/188715","targetHints":{"allow":["GET"]}}],"collection":[{"href":"https:\/\/archive.sana.sy\/tr\/index.php?rest_route=\/wp\/v2\/posts"}],"about":[{"href":"https:\/\/archive.sana.sy\/tr\/index.php?rest_route=\/wp\/v2\/types\/post"}],"author":[{"embeddable":true,"href":"https:\/\/archive.sana.sy\/tr\/index.php?rest_route=\/wp\/v2\/users\/1"}],"replies":[{"embeddable":true,"href":"https:\/\/archive.sana.sy\/tr\/index.php?rest_route=%2Fwp%2Fv2%2Fcomments&post=188715"}],"version-history":[{"count":0,"href":"https:\/\/archive.sana.sy\/tr\/index.php?rest_route=\/wp\/v2\/posts\/188715\/revisions"}],"wp:featuredmedia":[{"embeddable":true,"href":"https:\/\/archive.sana.sy\/tr\/index.php?rest_route=\/wp\/v2\/media\/188716"}],"wp:attachment":[{"href":"https:\/\/archive.sana.sy\/tr\/index.php?rest_route=%2Fwp%2Fv2%2Fmedia&parent=188715"}],"wp:term":[{"taxonomy":"category","embeddable":true,"href":"https:\/\/archive.sana.sy\/tr\/index.php?rest_route=%2Fwp%2Fv2%2Fcategories&post=188715"},{"taxonomy":"post_tag","embeddable":true,"href":"https:\/\/archive.sana.sy\/tr\/index.php?rest_route=%2Fwp%2Fv2%2Ftags&post=188715"}],"curies":[{"name":"wp","href":"https:\/\/api.w.org\/{rel}","templated":true}]}}