{"id":188725,"date":"2019-08-19T23:24:09","date_gmt":"2019-08-19T20:24:09","guid":{"rendered":"http:\/\/www.sana.sy\/tr\/?p=188725"},"modified":"2019-08-20T14:12:06","modified_gmt":"2019-08-20T11:12:06","slug":"turkiye-rejimi-idlibteki-terorist-gruplari-korumaya-calisiyor","status":"publish","type":"post","link":"https:\/\/archive.sana.sy\/tr\/?p=188725","title":{"rendered":"T\u00fcrkiye Rejimi \u0130dlib&#8217;teki Ter\u00f6rist Gruplar\u0131 Korumaya \u00c7al\u0131\u015f\u0131yor"},"content":{"rendered":"<p style=\"text-align: justify\">\u0130DL\u0130B \u2013 T\u00fcrkiye rejimi \u0130dlib k\u0131rsal\u0131nda Suriye Arap Ordusunun darbeleri alt\u0131nda \u00e7\u00f6ken ter\u00f6rist gruplara askeri ve lojistik destek vermeyi s\u00fcrd\u00fcr\u00fcyor. \u00c7e\u015fitli medya kaynaklar\u0131 taraf\u0131ndan yay\u0131nlanan bir videoda, \u0130dlib ve Hama k\u0131rsallar\u0131ndaki T\u00fcrk i\u015fgal g\u00fcc\u00fcn\u00fcn, T\u00fcrk kuvvetinin konu\u015fland\u0131\u011f\u0131 b\u00f6lgelerde ter\u00f6rist tanklar\u0131n\u0131 gizleyerek &#8220;Nusra Cephesi&#8221; ter\u00f6ristlerini korumaya \u00e7al\u0131\u015ft\u0131\u011f\u0131n\u0131 g\u00f6steriyor.<\/p>\n<p style=\"text-align: justify\">\u0130dlib ilinin baz\u0131 b\u00f6lgelerinde, T\u00fcrk i\u015fgal g\u00fc\u00e7leri, T\u00fcrk rejiminin m\u00fcttefik ter\u00f6r \u00f6rg\u00fctlerini \u00e7ekme ve a\u011f\u0131r silahlar\u0131 b\u00f6lgeden \u00e7ekme garantisiyle y\u00fck\u00fcml\u00fc olan So\u00e7i Anla\u015fmas\u0131&#8217;n\u0131n ittifak\u0131 \u00e7er\u00e7evesinde Suriye&#8217;ye girmi\u015ftir.<\/p>\n<p style=\"text-align: justify\">Rus Sputnik ajans\u0131n\u0131n yay\u0131nlad\u0131\u011f\u0131 videoda, T\u00fcrk i\u015fgal kuvvetlerinin uluslararas\u0131 ter\u00f6r listesinde yer alan &#8220;Nusra Cephesi&#8221;ne ait iki tank\u0131 Hama kuzey k\u0131rsal\u0131ndaki Morik kenti \u00e7evresindeki varl\u0131klar\u0131n\u0131n bulundu\u011fu b\u00f6lgede gizlediklerini, bunu da Nusra cephesi ter\u00f6ristlerinin Suriye ordusundan ka\u00e7t\u0131klar\u0131 s\u0131rada yapt\u0131klar\u0131n\u0131 ortaya \u00e7\u0131kard\u0131.<\/p>\n<p style=\"text-align: justify\">Bir\u00e7ok meda organ\u0131, Han \u015eeyhun&#8217;a do\u011fru yol alan ve ter\u00f6rist gruplar\u0131n yay\u0131ld\u0131\u011f\u0131 b\u00f6lgelere do\u011fru yol almas\u0131n\u0131 engelemek amac\u0131yla T\u00fcrk ara\u00e7lar\u0131n\u0131n hava sald\u0131r\u0131s\u0131na u\u011frad\u0131klar\u0131n\u0131 s\u00f6yledi.<\/p>\n<p>\u00c7eviri: S. \u015eahhut.<\/p>\n","protected":false},"excerpt":{"rendered":"<p>\u0130DL\u0130B \u2013 T\u00fcrkiye rejimi \u0130dlib k\u0131rsal\u0131nda Suriye Arap Ordusunun darbeleri alt\u0131nda \u00e7\u00f6ken ter\u00f6rist gruplara askeri ve lojistik destek vermeyi s\u00fcrd\u00fcr\u00fcyor. \u00c7e\u015fitli medya kaynaklar\u0131 taraf\u0131ndan yay\u0131nlanan bir videoda, \u0130dlib ve Hama k\u0131rsallar\u0131ndaki T\u00fcrk i\u015fgal g\u00fcc\u00fcn\u00fcn, T\u00fcrk kuvvetinin konu\u015fland\u0131\u011f\u0131 b\u00f6lgelerde ter\u00f6rist tanklar\u0131n\u0131 gizleyerek &#8220;Nusra Cephesi&#8221; ter\u00f6ristlerini korumaya \u00e7al\u0131\u015ft\u0131\u011f\u0131n\u0131 g\u00f6steriyor. \u0130dlib ilinin baz\u0131 b\u00f6lgelerinde, T\u00fcrk i\u015fgal g\u00fc\u00e7leri, T\u00fcrk &hellip;<\/p>\n","protected":false},"author":1,"featured_media":188726,"comment_status":"closed","ping_status":"closed","sticky":false,"template":"","format":"standard","meta":{"footnotes":""},"categories":[479,17988,2554,2555,478],"tags":[],"class_list":["post-188725","post","type-post","status-publish","format-standard","has-post-thumbnail","","category-haberler-yerel","category-son-haberler","category-suriye-ve-dunya","category-suriye-ve-turkiye","category-yerel"],"_links":{"self":[{"href":"https:\/\/archive.sana.sy\/tr\/index.php?rest_route=\/wp\/v2\/posts\/188725","targetHints":{"allow":["GET"]}}],"collection":[{"href":"https:\/\/archive.sana.sy\/tr\/index.php?rest_route=\/wp\/v2\/posts"}],"about":[{"href":"https:\/\/archive.sana.sy\/tr\/index.php?rest_route=\/wp\/v2\/types\/post"}],"author":[{"embeddable":true,"href":"https:\/\/archive.sana.sy\/tr\/index.php?rest_route=\/wp\/v2\/users\/1"}],"replies":[{"embeddable":true,"href":"https:\/\/archive.sana.sy\/tr\/index.php?rest_route=%2Fwp%2Fv2%2Fcomments&post=188725"}],"version-history":[{"count":0,"href":"https:\/\/archive.sana.sy\/tr\/index.php?rest_route=\/wp\/v2\/posts\/188725\/revisions"}],"wp:featuredmedia":[{"embeddable":true,"href":"https:\/\/archive.sana.sy\/tr\/index.php?rest_route=\/wp\/v2\/media\/188726"}],"wp:attachment":[{"href":"https:\/\/archive.sana.sy\/tr\/index.php?rest_route=%2Fwp%2Fv2%2Fmedia&parent=188725"}],"wp:term":[{"taxonomy":"category","embeddable":true,"href":"https:\/\/archive.sana.sy\/tr\/index.php?rest_route=%2Fwp%2Fv2%2Fcategories&post=188725"},{"taxonomy":"post_tag","embeddable":true,"href":"https:\/\/archive.sana.sy\/tr\/index.php?rest_route=%2Fwp%2Fv2%2Ftags&post=188725"}],"curies":[{"name":"wp","href":"https:\/\/api.w.org\/{rel}","templated":true}]}}