{"id":188744,"date":"2019-08-20T15:14:25","date_gmt":"2019-08-20T12:14:25","guid":{"rendered":"http:\/\/www.sana.sy\/tr\/?p=188744"},"modified":"2019-08-21T14:04:06","modified_gmt":"2019-08-21T11:04:06","slug":"spencerova-turkiye-rejimi-radikal-teroru-destekliyor","status":"publish","type":"post","link":"https:\/\/archive.sana.sy\/tr\/?p=188744","title":{"rendered":"Spencerova: T\u00fcrkiye Rejimi Radikal Ter\u00f6r\u00fc Destekliyor"},"content":{"rendered":"<p>PRAG \u2013 \u00c7ek Cumhuriyetinde Ortado\u011fu uzman\u0131 gazeteci Tereza Spencerova; Suriye ordusunun \u0130dlib ilinde radikal ter\u00f6re kar\u015f\u0131 sa\u011flad\u0131\u011f\u0131 ve sa\u011flayaca\u011f\u0131 \u00fcst\u00fcn ba\u015far\u0131lar\u0131n Bat\u0131 medyas\u0131nda dezenformasyon kampanyalar\u0131 ve \u00e7arp\u0131tmalara e\u015flik edebilece\u011fini belirtti.<\/p>\n<p>Spencerova yay\u0131nlad\u0131\u011f\u0131 makalede Bat\u0131l\u0131 medya ara\u00e7lar\u0131n Suriye ordusunun \u0130dlib\u2019teki ba\u015far\u0131lar\u0131n\u0131 \u00f6rtbas etmekle birlikte ter\u00f6re kar\u015f\u0131 zaferlerine g\u00f6lge d\u00fc\u015f\u00fcrmek i\u00e7in kamuoyunu yalanlarla kand\u0131rmaya \u00e7al\u0131\u015facaklar\u0131n\u0131 ifade etti. Bu medya ara\u00e7lar\u0131n\u0131n \u0130dlib\u2019te bulunan radikal ter\u00f6r\u00fc korumaya ve savunmaya \u00e7al\u0131\u015facaklar\u0131n\u0131 da belirten Spencerova; bu ba\u011flamda insani durumlar ve benzeri as\u0131ls\u0131z iddialar\u0131n kullan\u0131labilece\u011finin alt\u0131n\u0131 \u00e7izdi.<\/p>\n<p>\u00c7ekli gazeteci Spencerova T\u00fcrkiye rejiminin \u0130dlib\u2019te bulunan ve uluslararas\u0131 ter\u00f6r \u00f6rg\u00fctleri listesinde yer alan Nura Cephesi ve di\u011fer radikal ter\u00f6r \u00f6rg\u00fctlere muhtelif t\u00fcr destek sundu\u011funu vurgulad\u0131. Spencerova T\u00fcrkiye rejiminin garant\u00f6r \u00fclke olarak \u00fcst\u00fcne d\u00fc\u015fen g\u00f6rev ve sorumlulu\u011fu yerine getirmedi\u011finin alt\u0131n\u0131 \u00e7izerken; radikal ter\u00f6rle koordinasyon yapt\u0131\u011f\u0131n\u0131 ifade etti.<\/p>\n","protected":false},"excerpt":{"rendered":"<p>PRAG \u2013 \u00c7ek Cumhuriyetinde Ortado\u011fu uzman\u0131 gazeteci Tereza Spencerova; Suriye ordusunun \u0130dlib ilinde radikal ter\u00f6re kar\u015f\u0131 sa\u011flad\u0131\u011f\u0131 ve sa\u011flayaca\u011f\u0131 \u00fcst\u00fcn ba\u015far\u0131lar\u0131n Bat\u0131 medyas\u0131nda dezenformasyon kampanyalar\u0131 ve \u00e7arp\u0131tmalara e\u015flik edebilece\u011fini belirtti. Spencerova yay\u0131nlad\u0131\u011f\u0131 makalede Bat\u0131l\u0131 medya ara\u00e7lar\u0131n Suriye ordusunun \u0130dlib\u2019teki ba\u015far\u0131lar\u0131n\u0131 \u00f6rtbas etmekle birlikte ter\u00f6re kar\u015f\u0131 zaferlerine g\u00f6lge d\u00fc\u015f\u00fcrmek i\u00e7in kamuoyunu yalanlarla kand\u0131rmaya \u00e7al\u0131\u015facaklar\u0131n\u0131 ifade etti. &hellip;<\/p>\n","protected":false},"author":1,"featured_media":188745,"comment_status":"closed","ping_status":"closed","sticky":false,"template":"","format":"standard","meta":{"footnotes":""},"categories":[458,459,17988,2554,2555],"tags":[],"class_list":["post-188744","post","type-post","status-publish","format-standard","has-post-thumbnail","","category-dunya1","category-haberler-arap-uluslararasi-politika","category-son-haberler","category-suriye-ve-dunya","category-suriye-ve-turkiye"],"_links":{"self":[{"href":"https:\/\/archive.sana.sy\/tr\/index.php?rest_route=\/wp\/v2\/posts\/188744","targetHints":{"allow":["GET"]}}],"collection":[{"href":"https:\/\/archive.sana.sy\/tr\/index.php?rest_route=\/wp\/v2\/posts"}],"about":[{"href":"https:\/\/archive.sana.sy\/tr\/index.php?rest_route=\/wp\/v2\/types\/post"}],"author":[{"embeddable":true,"href":"https:\/\/archive.sana.sy\/tr\/index.php?rest_route=\/wp\/v2\/users\/1"}],"replies":[{"embeddable":true,"href":"https:\/\/archive.sana.sy\/tr\/index.php?rest_route=%2Fwp%2Fv2%2Fcomments&post=188744"}],"version-history":[{"count":0,"href":"https:\/\/archive.sana.sy\/tr\/index.php?rest_route=\/wp\/v2\/posts\/188744\/revisions"}],"wp:featuredmedia":[{"embeddable":true,"href":"https:\/\/archive.sana.sy\/tr\/index.php?rest_route=\/wp\/v2\/media\/188745"}],"wp:attachment":[{"href":"https:\/\/archive.sana.sy\/tr\/index.php?rest_route=%2Fwp%2Fv2%2Fmedia&parent=188744"}],"wp:term":[{"taxonomy":"category","embeddable":true,"href":"https:\/\/archive.sana.sy\/tr\/index.php?rest_route=%2Fwp%2Fv2%2Fcategories&post=188744"},{"taxonomy":"post_tag","embeddable":true,"href":"https:\/\/archive.sana.sy\/tr\/index.php?rest_route=%2Fwp%2Fv2%2Ftags&post=188744"}],"curies":[{"name":"wp","href":"https:\/\/api.w.org\/{rel}","templated":true}]}}