{"id":188747,"date":"2019-08-20T15:19:18","date_gmt":"2019-08-20T12:19:18","guid":{"rendered":"http:\/\/www.sana.sy\/tr\/?p=188747"},"modified":"2019-08-21T14:24:38","modified_gmt":"2019-08-21T11:24:38","slug":"el-esad-rus-heyeti-kabul-etti-2","status":"publish","type":"post","link":"https:\/\/archive.sana.sy\/tr\/?p=188747","title":{"rendered":"El Esad: Son \u00c7at\u0131\u015fmalar Ankara&#8217;n\u0131n Ter\u00f6re Deste\u011fini Daha \u00c7ok De\u015fifre Etti"},"content":{"rendered":"<p>\u015eAM \u2013 Cumhurba\u015fkan\u0131 Be\u015f\u015far el Esad bug\u00fcn Rus Duma Meclisi \u00fcyesi Dmitry Sablin ba\u015fkanl\u0131\u011f\u0131nda Suriye&#8217;yi ziyaret eden Rusya Birlik Partisinden bir heyeti kabul etti. <a href=\"http:\/\/www.sana.sy\/tr\/wp-content\/uploads\/2019\/08\/1-53.jpg\"><img loading=\"lazy\" decoding=\"async\" class=\"alignright wp-image-188753 size-medium\" src=\"http:\/\/www.sana.sy\/tr\/wp-content\/uploads\/2019\/08\/1-53-300x172.jpg\" alt=\"\" width=\"300\" height=\"172\" srcset=\"https:\/\/archive.sana.sy\/tr\/wp-content\/uploads\/2019\/08\/1-53-300x172.jpg 300w, https:\/\/archive.sana.sy\/tr\/wp-content\/uploads\/2019\/08\/1-53-150x86.jpg 150w, https:\/\/archive.sana.sy\/tr\/wp-content\/uploads\/2019\/08\/1-53.jpg 660w\" sizes=\"auto, (max-width: 300px) 100vw, 300px\" \/><\/a><\/p>\n<p>Suriye&#8217;de ter\u00f6re kar\u015f\u0131 sava\u015fta son durum ve geli\u015fmelerin ele al\u0131nd\u0131\u011f\u0131 g\u00f6r\u00fc\u015fmede; Sablin ve e\u015fli\u011findeki Rus heyet Suriye ordusunun \u00f6zellikle son olarak \u0130dlib\u2019te olmak \u00fczere ter\u00f6re kar\u015f\u0131 sa\u011flad\u0131\u011f\u0131 \u00fcst\u00fcn ba\u015far\u0131lardan dolay\u0131 kutlamalar\u0131n\u0131 takdim etti. Rus heyet Suriye ordusunun ter\u00f6re kar\u015f\u0131 bu zafer ve ba\u015far\u0131lar\u0131n\u0131n sonu\u00e7 itibar\u0131yla t\u00fcm Suriye\u2019de istikrar\u0131n sa\u011flanmas\u0131na yol a\u00e7aca\u011f\u0131na inand\u0131klar\u0131n\u0131 ifade etti.<\/p>\n<p>Cumhurba\u015fkan\u0131 el Esad ter\u00f6re kar\u015f\u0131 sa\u011flanan ba\u015far\u0131lar\u0131n Suriye&#8217;nin ordusu ve halk\u0131 ile ter\u00f6re kar\u015f\u0131 m\u00fccadele ve vatan topraklar\u0131n\u0131n her kar\u0131\u015f\u0131n\u0131 ter\u00f6rden kurtar\u0131p istikrar ve egemenli\u011fi sa\u011flama azim ve kararl\u0131l\u0131\u011f\u0131n\u0131 kan\u0131tlad\u0131\u011f\u0131n\u0131n alt\u0131n\u0131 \u00e7izdi.\u00a0Ter\u00f6ristlerin T\u00fcrkiye rejimi ba\u015fta olmak \u00fczere uluslararas\u0131 bir\u00e7ok taraftan ald\u0131klar\u0131 deste\u011fe ra\u011fmen Suriye ordusu ve halk\u0131n\u0131n vatan topraklar\u0131n\u0131n her kar\u0131\u015f\u0131n\u0131 kurtarma azim ve kararl\u0131l\u0131\u011f\u0131n\u0131 bir kez daha ifade eden el Esad; \u0130dlib\u2019te meydana gelen son \u00e7at\u0131\u015fmalar\u0131n Ankara\u2019n\u0131n radikal ter\u00f6re verdi\u011fi b\u00fcy\u00fck deste\u011fin hacmini bilen bilmeyen herkese de\u015fifre etti\u011fini vurgulad\u0131.<\/p>\n<p>Ter\u00f6ristlerin T\u00fcrkiye rejimi ba\u015fta olmak \u00fczere uluslararas\u0131 bir\u00e7ok taraftan ald\u0131klar\u0131 deste\u011fe ra\u011fmen Suriye ordusu ve halk\u0131n\u0131n vatan topraklar\u0131n\u0131n her kar\u0131\u015f\u0131n\u0131 kurtarma azim ve kararl\u0131l\u0131\u011f\u0131n\u0131 bir kez daha ifade eden el Esad; \u0130dlib\u2019te meydana gelen son \u00e7at\u0131\u015fmalar\u0131n Ankara\u2019n\u0131n radikal ter\u00f6re verdi\u011fi b\u00fcy\u00fck deste\u011fin hacmini bilen bilmeyen herkese de\u015fifre etti\u011fini vurgulad\u0131.<\/p>\n<p>&nbsp;<\/p>\n","protected":false},"excerpt":{"rendered":"<p>\u015eAM \u2013 Cumhurba\u015fkan\u0131 Be\u015f\u015far el Esad bug\u00fcn Rus Duma Meclisi \u00fcyesi Dmitry Sablin ba\u015fkanl\u0131\u011f\u0131nda Suriye&#8217;yi ziyaret eden Rusya Birlik Partisinden bir heyeti kabul etti. Suriye&#8217;de ter\u00f6re kar\u015f\u0131 sava\u015fta son durum ve geli\u015fmelerin ele al\u0131nd\u0131\u011f\u0131 g\u00f6r\u00fc\u015fmede; Sablin ve e\u015fli\u011findeki Rus heyet Suriye ordusunun \u00f6zellikle son olarak \u0130dlib\u2019te olmak \u00fczere ter\u00f6re kar\u015f\u0131 sa\u011flad\u0131\u011f\u0131 \u00fcst\u00fcn ba\u015far\u0131lardan dolay\u0131 kutlamalar\u0131n\u0131 &hellip;<\/p>\n","protected":false},"author":1,"featured_media":188751,"comment_status":"closed","ping_status":"closed","sticky":false,"template":"","format":"standard","meta":{"footnotes":""},"categories":[608,479,605,17988,478],"tags":[],"class_list":["post-188747","post","type-post","status-publish","format-standard","has-post-thumbnail","","category-etkinlikler","category-haberler-yerel","category-sayin-cumhurbaskani","category-son-haberler","category-yerel"],"_links":{"self":[{"href":"https:\/\/archive.sana.sy\/tr\/index.php?rest_route=\/wp\/v2\/posts\/188747","targetHints":{"allow":["GET"]}}],"collection":[{"href":"https:\/\/archive.sana.sy\/tr\/index.php?rest_route=\/wp\/v2\/posts"}],"about":[{"href":"https:\/\/archive.sana.sy\/tr\/index.php?rest_route=\/wp\/v2\/types\/post"}],"author":[{"embeddable":true,"href":"https:\/\/archive.sana.sy\/tr\/index.php?rest_route=\/wp\/v2\/users\/1"}],"replies":[{"embeddable":true,"href":"https:\/\/archive.sana.sy\/tr\/index.php?rest_route=%2Fwp%2Fv2%2Fcomments&post=188747"}],"version-history":[{"count":0,"href":"https:\/\/archive.sana.sy\/tr\/index.php?rest_route=\/wp\/v2\/posts\/188747\/revisions"}],"wp:featuredmedia":[{"embeddable":true,"href":"https:\/\/archive.sana.sy\/tr\/index.php?rest_route=\/wp\/v2\/media\/188751"}],"wp:attachment":[{"href":"https:\/\/archive.sana.sy\/tr\/index.php?rest_route=%2Fwp%2Fv2%2Fmedia&parent=188747"}],"wp:term":[{"taxonomy":"category","embeddable":true,"href":"https:\/\/archive.sana.sy\/tr\/index.php?rest_route=%2Fwp%2Fv2%2Fcategories&post=188747"},{"taxonomy":"post_tag","embeddable":true,"href":"https:\/\/archive.sana.sy\/tr\/index.php?rest_route=%2Fwp%2Fv2%2Ftags&post=188747"}],"curies":[{"name":"wp","href":"https:\/\/api.w.org\/{rel}","templated":true}]}}