{"id":188761,"date":"2019-08-20T15:57:23","date_gmt":"2019-08-20T12:57:23","guid":{"rendered":"http:\/\/www.sana.sy\/tr\/?p=188761"},"modified":"2019-08-21T14:03:46","modified_gmt":"2019-08-21T11:03:46","slug":"iki-eksende-ilerleme-saglanmalidir","status":"publish","type":"post","link":"https:\/\/archive.sana.sy\/tr\/?p=188761","title":{"rendered":"\u0130ki Eksende \u0130lerleme Sa\u011flanmal\u0131d\u0131r"},"content":{"rendered":"<p>CENEVRE \u2013 \u00c7in\u2019in Suriye \u00f6zel temsilcisi Xie Xiaoyan Suriye&#8217;de ter\u00f6rle m\u00fccadeleye e\u015f zamanl\u0131 olarak siyasi \u00e7\u00f6z\u00fcmde ilerleme sa\u011flanmas\u0131 i\u00e7in daha fazla \u00e7abalar\u0131n harcanmas\u0131na davetini yineledi.<\/p>\n<p>Cenevrede BM genel sekreterinin Suriye \u00f6zel temsilcisi Geir Pedersen ile bulundu\u011fu temaslar ard\u0131ndan bas\u0131na a\u00e7\u0131klama yapan Xie; Suriye&#8217;de ter\u00f6re kar\u015f\u0131 sava\u015f\u0131n sonuna dek tamamlanmas\u0131 gere\u011finin alt\u0131n\u0131 \u00e7izdi. Xie I\u015e\u0130D gibi bir k\u0131s\u0131m radikal ter\u00f6r \u00f6rg\u00fctlerin yeniden geri d\u00f6nmesi tehlikesine kar\u015f\u0131 uyard\u0131.<\/p>\n","protected":false},"excerpt":{"rendered":"<p>CENEVRE \u2013 \u00c7in\u2019in Suriye \u00f6zel temsilcisi Xie Xiaoyan Suriye&#8217;de ter\u00f6rle m\u00fccadeleye e\u015f zamanl\u0131 olarak siyasi \u00e7\u00f6z\u00fcmde ilerleme sa\u011flanmas\u0131 i\u00e7in daha fazla \u00e7abalar\u0131n harcanmas\u0131na davetini yineledi. Cenevrede BM genel sekreterinin Suriye \u00f6zel temsilcisi Geir Pedersen ile bulundu\u011fu temaslar ard\u0131ndan bas\u0131na a\u00e7\u0131klama yapan Xie; Suriye&#8217;de ter\u00f6re kar\u015f\u0131 sava\u015f\u0131n sonuna dek tamamlanmas\u0131 gere\u011finin alt\u0131n\u0131 \u00e7izdi. Xie I\u015e\u0130D gibi &hellip;<\/p>\n","protected":false},"author":1,"featured_media":188762,"comment_status":"closed","ping_status":"closed","sticky":false,"template":"","format":"standard","meta":{"footnotes":""},"categories":[458,459,17988],"tags":[],"class_list":["post-188761","post","type-post","status-publish","format-standard","has-post-thumbnail","","category-dunya1","category-haberler-arap-uluslararasi-politika","category-son-haberler"],"_links":{"self":[{"href":"https:\/\/archive.sana.sy\/tr\/index.php?rest_route=\/wp\/v2\/posts\/188761","targetHints":{"allow":["GET"]}}],"collection":[{"href":"https:\/\/archive.sana.sy\/tr\/index.php?rest_route=\/wp\/v2\/posts"}],"about":[{"href":"https:\/\/archive.sana.sy\/tr\/index.php?rest_route=\/wp\/v2\/types\/post"}],"author":[{"embeddable":true,"href":"https:\/\/archive.sana.sy\/tr\/index.php?rest_route=\/wp\/v2\/users\/1"}],"replies":[{"embeddable":true,"href":"https:\/\/archive.sana.sy\/tr\/index.php?rest_route=%2Fwp%2Fv2%2Fcomments&post=188761"}],"version-history":[{"count":0,"href":"https:\/\/archive.sana.sy\/tr\/index.php?rest_route=\/wp\/v2\/posts\/188761\/revisions"}],"wp:featuredmedia":[{"embeddable":true,"href":"https:\/\/archive.sana.sy\/tr\/index.php?rest_route=\/wp\/v2\/media\/188762"}],"wp:attachment":[{"href":"https:\/\/archive.sana.sy\/tr\/index.php?rest_route=%2Fwp%2Fv2%2Fmedia&parent=188761"}],"wp:term":[{"taxonomy":"category","embeddable":true,"href":"https:\/\/archive.sana.sy\/tr\/index.php?rest_route=%2Fwp%2Fv2%2Fcategories&post=188761"},{"taxonomy":"post_tag","embeddable":true,"href":"https:\/\/archive.sana.sy\/tr\/index.php?rest_route=%2Fwp%2Fv2%2Ftags&post=188761"}],"curies":[{"name":"wp","href":"https:\/\/api.w.org\/{rel}","templated":true}]}}