{"id":188767,"date":"2019-08-20T21:26:13","date_gmt":"2019-08-20T18:26:13","guid":{"rendered":"http:\/\/sana.sy\/tr\/?p=188767"},"modified":"2019-08-21T13:59:58","modified_gmt":"2019-08-21T10:59:58","slug":"oldurme-adam-kacirma-ve-asimilasyonluk-erdogan-rejimi-ve-kiraliklari-teroristleri-afrin-halkina-yonelik-uygulamalari","status":"publish","type":"post","link":"https:\/\/archive.sana.sy\/tr\/?p=188767","title":{"rendered":"\u00d6ld\u00fcrme, Adam Ka\u00e7\u0131rma ve Asimilasyonluk .. Erdo\u011fan Rejimi ve Kiral\u0131klar\u0131 Ter\u00f6ristleri Afrin Halk\u0131na Y\u00f6nelik Uygulamalar\u0131"},"content":{"rendered":"<p style=\"text-align: justify\">\u015eAM \u2013T\u00fcrk i\u015fgal kuvvetleriyle yan yana yay\u0131lm\u0131\u015f vaziyetteki T\u00fcrk rejimi kiral\u0131klar\u0131 Afrin b\u00f6lgesinde, ge\u00e7en y\u0131l\u0131n Mart ay\u0131nda \u0130hvanc\u0131 Erdo\u011fan rejim kuvvetlerinin i\u015fgal etti\u011fi b\u00f6lgelerde ahali hakk\u0131nda \u00f6ld\u00fcrme ve adam ka\u00e7\u0131rma yan\u0131 s\u0131ra canlar\u0131yla pazarl\u0131k yapmakla temsil olunan ter\u00f6rizm ve bask\u0131c\u0131 uygulamalar\u0131n\u0131 s\u00fcrd\u00fcr\u00fcyor.<\/p>\n<p style=\"text-align: justify\">Ahali ve medya kaynaklar\u0131 Afrin ahalisinden bir gencin Erdo\u011fanc\u0131 &#8221; \u00d6zg\u00fcr Hamzat Ordusu&#8221; adl\u0131 grubun hapishane h\u00fccresinde i\u015fkence edilerek \u00f6ld\u00fcr\u00fcld\u00fc\u011f\u00fcn\u00fc, bunun paralelinde s\u00f6zde &#8220;\u00f6zg\u00fcr Ama\u015fat ordusu&#8221; adl\u0131 grubun kent \u00e7evresinde bir ki\u015fiyi ka\u00e7\u0131rarak ahalisinden 3 bin dolar kar\u015f\u0131l\u0131k istediklerini ifade etti.<\/p>\n<p style=\"text-align: justify\">Erdo\u011fan rejimine ba\u011fl\u0131 s\u00f6zde &#8220;\u00f6zg\u00fcr ordu&#8221;ya tabi gruplar\u0131n elinde bulunan Halep kuzey k\u0131rsal\u0131ndaki Azaz kentinde ise, yine kaynaklara g\u00f6re, daha \u00f6nce de bir\u00e7ok kez meydana gelen me\u00e7hul silahl\u0131 ki\u015filerce bir ki\u015finin cesedine ula\u015f\u0131ld\u0131\u011f\u0131n\u0131 s\u00f6yledi.<\/p>\n<p style=\"text-align: justify\">Afrin ve k\u0131rsal\u0131 ge\u00e7en y\u0131l\u0131n Mart ay\u0131ndan beri T\u00fcrk rejimi taraf\u0131ndan i\u015fgal edilmi\u015f, baz\u0131 k\u00f6y ve beldelerle saha ve bulvarlar\u0131n asil isimleri T\u00fcrk isimleriyle de\u011fi\u015ftirmeye tan\u0131k oluyor.<\/p>\n<p style=\"text-align: justify\">T\u00fcrk Rejiminin \u00fclkenin kuzeyindeki, el Bab, Azaz, Jarablus ve Afrin gibi k\u00f6y, belde ve kentleri T\u00fcrkle\u015ftirme giri\u015fimleriyle birlikte, Suriye&#8217;nin kuzeyini i\u015fgal etti\u011fi s\u0131rada \u00f6len asker ve subaylar\u0131n isimlerini okullara vererek \u00f6\u011fretim dili olarak okullarda T\u00fcrk\u00e7e dilini dayatmakta, T\u00fcrk bayra\u011f\u0131n\u0131 da okullarda y\u00fckseltmektedir.<\/p>\n<p style=\"text-align: justify\">T\u00fcrk rejim kuvvetleriyle kiral\u0131klar\u0131 ter\u00f6rist gruplar o b\u00f6lgelerde ya\u015fayan ahaliye resmi dairelerde kullanmalar\u0131 i\u00e7in kimlik kart\u0131 \u00e7\u0131karmaya mecbur etmekte olup bu giri\u015fim bizlere Siyonist varl\u0131\u011f\u0131n Golanl\u0131 ve Filistinli ahaliye yapt\u0131klar\u0131n\u0131 hat\u0131rlat\u0131yor.<\/p>\n<p>\u00c7eviri: S. \u015eahhut.<\/p>\n","protected":false},"excerpt":{"rendered":"<p>\u015eAM \u2013T\u00fcrk i\u015fgal kuvvetleriyle yan yana yay\u0131lm\u0131\u015f vaziyetteki T\u00fcrk rejimi kiral\u0131klar\u0131 Afrin b\u00f6lgesinde, ge\u00e7en y\u0131l\u0131n Mart ay\u0131nda \u0130hvanc\u0131 Erdo\u011fan rejim kuvvetlerinin i\u015fgal etti\u011fi b\u00f6lgelerde ahali hakk\u0131nda \u00f6ld\u00fcrme ve adam ka\u00e7\u0131rma yan\u0131 s\u0131ra canlar\u0131yla pazarl\u0131k yapmakla temsil olunan ter\u00f6rizm ve bask\u0131c\u0131 uygulamalar\u0131n\u0131 s\u00fcrd\u00fcr\u00fcyor. Ahali ve medya kaynaklar\u0131 Afrin ahalisinden bir gencin Erdo\u011fanc\u0131 &#8221; \u00d6zg\u00fcr Hamzat Ordusu&#8221; &hellip;<\/p>\n","protected":false},"author":1,"featured_media":188768,"comment_status":"closed","ping_status":"closed","sticky":false,"template":"","format":"standard","meta":{"footnotes":""},"categories":[556,479,17988,557,2554,2555,478],"tags":[],"class_list":["post-188767","post","type-post","status-publish","format-standard","has-post-thumbnail","","category-basin","category-haberler-yerel","category-son-haberler","category-suriye-basini","category-suriye-ve-dunya","category-suriye-ve-turkiye","category-yerel"],"_links":{"self":[{"href":"https:\/\/archive.sana.sy\/tr\/index.php?rest_route=\/wp\/v2\/posts\/188767","targetHints":{"allow":["GET"]}}],"collection":[{"href":"https:\/\/archive.sana.sy\/tr\/index.php?rest_route=\/wp\/v2\/posts"}],"about":[{"href":"https:\/\/archive.sana.sy\/tr\/index.php?rest_route=\/wp\/v2\/types\/post"}],"author":[{"embeddable":true,"href":"https:\/\/archive.sana.sy\/tr\/index.php?rest_route=\/wp\/v2\/users\/1"}],"replies":[{"embeddable":true,"href":"https:\/\/archive.sana.sy\/tr\/index.php?rest_route=%2Fwp%2Fv2%2Fcomments&post=188767"}],"version-history":[{"count":0,"href":"https:\/\/archive.sana.sy\/tr\/index.php?rest_route=\/wp\/v2\/posts\/188767\/revisions"}],"wp:featuredmedia":[{"embeddable":true,"href":"https:\/\/archive.sana.sy\/tr\/index.php?rest_route=\/wp\/v2\/media\/188768"}],"wp:attachment":[{"href":"https:\/\/archive.sana.sy\/tr\/index.php?rest_route=%2Fwp%2Fv2%2Fmedia&parent=188767"}],"wp:term":[{"taxonomy":"category","embeddable":true,"href":"https:\/\/archive.sana.sy\/tr\/index.php?rest_route=%2Fwp%2Fv2%2Fcategories&post=188767"},{"taxonomy":"post_tag","embeddable":true,"href":"https:\/\/archive.sana.sy\/tr\/index.php?rest_route=%2Fwp%2Fv2%2Ftags&post=188767"}],"curies":[{"name":"wp","href":"https:\/\/api.w.org\/{rel}","templated":true}]}}