{"id":188770,"date":"2019-08-20T22:00:49","date_gmt":"2019-08-20T19:00:49","guid":{"rendered":"http:\/\/sana.sy\/tr\/?p=188770"},"modified":"2019-08-21T14:01:03","modified_gmt":"2019-08-21T11:01:03","slug":"haseke-ve-kamislida-terorden-zarar-goren-14-okulun-restorasyonu-tamamlandi","status":"publish","type":"post","link":"https:\/\/archive.sana.sy\/tr\/?p=188770","title":{"rendered":"Haseke ve Kam\u0131\u015fl\u0131&#8217;da Ter\u00f6rden Zarar G\u00f6ren 14 Okulun Restorasyonu Tamamland\u0131"},"content":{"rendered":"<p style=\"text-align: justify\">HASEKE \u2013 Haseke E\u011fitim M\u00fcd\u00fcrl\u00fc\u011f\u00fc, Haseke ve Kam\u0131\u015fl\u0131&#8217;da ter\u00f6rden zarar gr\u00f6m\u00fc\u015f 14 okulun restorasyonunu tamamlayarak yeni \u00f6\u011fretim y\u0131l\u0131n\u0131n ba\u015flamas\u0131yla \u00f6\u011frencilerini kar\u015f\u0131lamaya haz\u0131r hale getirildi.<\/p>\n<p style=\"text-align: justify\"><a href=\"http:\/\/sana.sy\/tr\/wp-content\/uploads\/2019\/08\/44.jpg\"><img loading=\"lazy\" decoding=\"async\" class=\"alignright size-medium wp-image-188772\" src=\"http:\/\/sana.sy\/tr\/wp-content\/uploads\/2019\/08\/44-300x162.jpg\" alt=\"\" width=\"300\" height=\"162\" srcset=\"https:\/\/archive.sana.sy\/tr\/wp-content\/uploads\/2019\/08\/44-300x162.jpg 300w, https:\/\/archive.sana.sy\/tr\/wp-content\/uploads\/2019\/08\/44-150x81.jpg 150w, https:\/\/archive.sana.sy\/tr\/wp-content\/uploads\/2019\/08\/44.jpg 660w\" sizes=\"auto, (max-width: 300px) 100vw, 300px\" \/><\/a>M\u00fcd\u00fcrl\u00fck anketlerine g\u00f6re ge\u00e7en y\u0131llarda ter\u00f6rden zarar g\u00f6ren okul say\u0131s\u0131n\u0131n 157 oldu\u011funu bunlardan 74&#8217;\u00fcn\u00fcn b\u00f6lge genelinde tatamen y\u0131k\u0131l\u0131 halde oldu\u011funa i\u015faret ediyor.<\/p>\n<p style=\"text-align: justify\">SANA muhabirine a\u00e7\u0131klamas\u0131nda M\u00fcd\u00fcrl\u00fckteki okul binalar\u0131 dairesi ba\u015fkan\u0131 \u0130mad el H\u00fcseyni, Haseke ve Kam\u0131\u015fl\u0131&#8217;daki 14 okulun restorasyon i\u015flemlerinin kap\u0131, pencere, kilit, tahta, kamu ve sa\u011fl\u0131k ekipmanlar\u0131yla elektrik ve su \u015febekelerini i\u00e7erdi\u011fini belirterek dairenin 8 okulun daha yeni \u00f6\u011fretim y\u0131l\u0131nda teslim edilmek \u00fczere s\u00f6zle\u015fme imzalad\u0131\u011f\u0131n\u0131 ifade etti.<\/p>\n<p style=\"text-align: justify\"><a href=\"http:\/\/sana.sy\/tr\/wp-content\/uploads\/2019\/08\/45.jpg\"><img loading=\"lazy\" decoding=\"async\" class=\"alignright size-medium wp-image-188773\" src=\"http:\/\/sana.sy\/tr\/wp-content\/uploads\/2019\/08\/45-300x162.jpg\" alt=\"\" width=\"300\" height=\"162\" srcset=\"https:\/\/archive.sana.sy\/tr\/wp-content\/uploads\/2019\/08\/45-300x162.jpg 300w, https:\/\/archive.sana.sy\/tr\/wp-content\/uploads\/2019\/08\/45-150x81.jpg 150w, https:\/\/archive.sana.sy\/tr\/wp-content\/uploads\/2019\/08\/45.jpg 660w\" sizes=\"auto, (max-width: 300px) 100vw, 300px\" \/><\/a>Kendi y\u00f6n\u00fcnden Haseke E\u011fitim M\u00fcdiresi \u0130lham Sourhan, ter\u00f6r sald\u0131r\u0131lar\u0131n\u0131n baz\u0131 okullar\u0131 y\u0131kt\u0131\u011f\u0131n\u0131 baz\u0131lar\u0131n\u0131 da harab etti\u011fini bu y\u00fczden \u00f6\u011frenci say\u0131s\u0131n\u0131n artmas\u0131 sebebiyle e\u011fitim \u00f6\u011fretim s\u00fcrecine b\u00fcy\u00fck bask\u0131 te\u015fkil etti\u011fini s\u00f6yledi.<\/p>\n<p style=\"text-align: justify\">Sourhan, s\u00f6z konusu kalabal\u0131\u011f\u0131 \u00f6nlemek amac\u0131yla Haseke ve Kam\u0131\u015fl\u0131&#8217;da bu y\u0131l 60 ge\u00e7en y\u0131lda 71 derslikli haz\u0131r s\u0131n\u0131f odalar\u0131n\u0131n in\u015fa edildi\u011fine i\u015faret etti.<\/p>\n<p style=\"text-align: justify\">E\u011fitim M\u00fcd\u00fcrl\u00fc\u011f\u00fc, okullar\u0131n retorasyon i\u015flerini tamamlamak i\u00e7in halihaz\u0131rda g\u00fcnl\u00fck yo\u011fun \u00e7aba harc\u0131yor.<\/p>\n<p>\u00c7eviri: S. \u015eahhut.<\/p>\n","protected":false},"excerpt":{"rendered":"<p>HASEKE \u2013 Haseke E\u011fitim M\u00fcd\u00fcrl\u00fc\u011f\u00fc, Haseke ve Kam\u0131\u015fl\u0131&#8217;da ter\u00f6rden zarar gr\u00f6m\u00fc\u015f 14 okulun restorasyonunu tamamlayarak yeni \u00f6\u011fretim y\u0131l\u0131n\u0131n ba\u015flamas\u0131yla \u00f6\u011frencilerini kar\u015f\u0131lamaya haz\u0131r hale getirildi. M\u00fcd\u00fcrl\u00fck anketlerine g\u00f6re ge\u00e7en y\u0131llarda ter\u00f6rden zarar g\u00f6ren okul say\u0131s\u0131n\u0131n 157 oldu\u011funu bunlardan 74&#8217;\u00fcn\u00fcn b\u00f6lge genelinde tatamen y\u0131k\u0131l\u0131 halde oldu\u011funa i\u015faret ediyor. SANA muhabirine a\u00e7\u0131klamas\u0131nda M\u00fcd\u00fcrl\u00fckteki okul binalar\u0131 dairesi ba\u015fkan\u0131 \u0130mad &hellip;<\/p>\n","protected":false},"author":1,"featured_media":188771,"comment_status":"closed","ping_status":"closed","sticky":false,"template":"","format":"standard","meta":{"footnotes":""},"categories":[596,479,17988,478],"tags":[],"class_list":["post-188770","post","type-post","status-publish","format-standard","has-post-thumbnail","","category-fotografli-raporlar","category-haberler-yerel","category-son-haberler","category-yerel"],"_links":{"self":[{"href":"https:\/\/archive.sana.sy\/tr\/index.php?rest_route=\/wp\/v2\/posts\/188770","targetHints":{"allow":["GET"]}}],"collection":[{"href":"https:\/\/archive.sana.sy\/tr\/index.php?rest_route=\/wp\/v2\/posts"}],"about":[{"href":"https:\/\/archive.sana.sy\/tr\/index.php?rest_route=\/wp\/v2\/types\/post"}],"author":[{"embeddable":true,"href":"https:\/\/archive.sana.sy\/tr\/index.php?rest_route=\/wp\/v2\/users\/1"}],"replies":[{"embeddable":true,"href":"https:\/\/archive.sana.sy\/tr\/index.php?rest_route=%2Fwp%2Fv2%2Fcomments&post=188770"}],"version-history":[{"count":0,"href":"https:\/\/archive.sana.sy\/tr\/index.php?rest_route=\/wp\/v2\/posts\/188770\/revisions"}],"wp:featuredmedia":[{"embeddable":true,"href":"https:\/\/archive.sana.sy\/tr\/index.php?rest_route=\/wp\/v2\/media\/188771"}],"wp:attachment":[{"href":"https:\/\/archive.sana.sy\/tr\/index.php?rest_route=%2Fwp%2Fv2%2Fmedia&parent=188770"}],"wp:term":[{"taxonomy":"category","embeddable":true,"href":"https:\/\/archive.sana.sy\/tr\/index.php?rest_route=%2Fwp%2Fv2%2Fcategories&post=188770"},{"taxonomy":"post_tag","embeddable":true,"href":"https:\/\/archive.sana.sy\/tr\/index.php?rest_route=%2Fwp%2Fv2%2Ftags&post=188770"}],"curies":[{"name":"wp","href":"https:\/\/api.w.org\/{rel}","templated":true}]}}