{"id":188778,"date":"2019-08-20T18:37:14","date_gmt":"2019-08-20T15:37:14","guid":{"rendered":"http:\/\/sana.sy\/tr\/?p=188778"},"modified":"2019-08-21T14:01:51","modified_gmt":"2019-08-21T11:01:51","slug":"oztrak-erdogan-suriyeye-ihanet-etti-bunu-da-itiraf-etmeli","status":"publish","type":"post","link":"https:\/\/archive.sana.sy\/tr\/?p=188778","title":{"rendered":"\u00d6ztrak: Erdo\u011fan Suriye&#8217;ye \u0130hanet Etti Bunu Da \u0130tiraf Etmeli"},"content":{"rendered":"<p style=\"text-align: justify\">ANKARA &#8211; Cumhuriyet Halk Partisi (CHP) ba\u015fkan yard\u0131mc\u0131s\u0131 Faik \u00d6ztrak, T\u00fcrk rejimi ba\u015fkan\u0131 Recep Tayyip Erdo\u011fan&#8217;\u0131n, T\u00fcrkiye\u2019de iktidara gelmesinden bu yana \u0130srail i\u015fgal varl\u0131\u011f\u0131 ve ABD\u2019nin b\u00f6lgeye h\u00fckmetme planlar\u0131n\u0131 y\u00fcr\u00fcten edat haline geldi\u011fini belirtti.<\/p>\n<p style=\"text-align: justify\">\u00d6ztrak bug\u00fcn Ankara\u2019da d\u00fczenledi\u011fi bas\u0131n toplant\u0131s\u0131nda yapt\u0131\u011f\u0131 a\u00e7\u0131klamada, Erdo\u011fan\u2019\u0131n s\u00f6zde Ortado\u011fu Projesi\u2019ni uygulamaya koymak i\u00e7in Amerikal\u0131larla i\u015fbirli\u011fi yapt\u0131\u011f\u0131n\u0131 s\u00f6yleyerek, partisinin ve di\u011fer T\u00fcrk partilerinin, Erdo\u011fan rejiminin 2011\u2019den bu yana Suriye&#8217;nin i\u00e7i\u015flerine m\u00fcdahalesine ve T\u00fcrkiye s\u0131n\u0131r\u0131n\u0131 binlerce yabanc\u0131 ter\u00f6ristin merkezi ve ge\u00e7i\u015f noktas\u0131 haline getirmesine kar\u015f\u0131 olduklar\u0131n\u0131 hat\u0131rlatt\u0131.<\/p>\n<p style=\"text-align: justify\">\u00d6ztrak, Erdo\u011fan\u2019\u0131n Suriye&#8217;ye kar\u015f\u0131 \u00f6r\u00fclen komploda i\u015fgalci \u0130srail ve ABD\u2019yle hareket etti\u011fini belirterek, T\u00fcrk vatanda\u015flar\u0131 \u00f6n\u00fcnde bunu itiraf etmesi gerekti\u011fini, Suriye&#8217;ye ihanet sebeplerini ve i\u015fgalci Amerika ile Suriye&#8217;nin kuzeyini hedef alan ve Suriye&#8217;nin egemenli\u011fi ve toprak birli\u011fine a\u00e7\u0131k sald\u0131r\u0131 te\u015fkil eden s\u00f6zde &#8220;g\u00fcvenli b\u00f6lge&#8221; kurulmas\u0131yla ilgili ittifak\u0131n ayr\u0131nt\u0131lar\u0131n\u0131 anlatmas\u0131 gerekti\u011fini vurgulad\u0131.<\/p>\n<p>\u00c7eviri: S. \u015eahhut.<\/p>\n","protected":false},"excerpt":{"rendered":"<p>ANKARA &#8211; Cumhuriyet Halk Partisi (CHP) ba\u015fkan yard\u0131mc\u0131s\u0131 Faik \u00d6ztrak, T\u00fcrk rejimi ba\u015fkan\u0131 Recep Tayyip Erdo\u011fan&#8217;\u0131n, T\u00fcrkiye\u2019de iktidara gelmesinden bu yana \u0130srail i\u015fgal varl\u0131\u011f\u0131 ve ABD\u2019nin b\u00f6lgeye h\u00fckmetme planlar\u0131n\u0131 y\u00fcr\u00fcten edat haline geldi\u011fini belirtti. \u00d6ztrak bug\u00fcn Ankara\u2019da d\u00fczenledi\u011fi bas\u0131n toplant\u0131s\u0131nda yapt\u0131\u011f\u0131 a\u00e7\u0131klamada, Erdo\u011fan\u2019\u0131n s\u00f6zde Ortado\u011fu Projesi\u2019ni uygulamaya koymak i\u00e7in Amerikal\u0131larla i\u015fbirli\u011fi yapt\u0131\u011f\u0131n\u0131 s\u00f6yleyerek, partisinin ve &hellip;<\/p>\n","protected":false},"author":1,"featured_media":188779,"comment_status":"closed","ping_status":"closed","sticky":false,"template":"","format":"standard","meta":{"footnotes":""},"categories":[17988,2554,2555],"tags":[],"class_list":["post-188778","post","type-post","status-publish","format-standard","has-post-thumbnail","","category-son-haberler","category-suriye-ve-dunya","category-suriye-ve-turkiye"],"_links":{"self":[{"href":"https:\/\/archive.sana.sy\/tr\/index.php?rest_route=\/wp\/v2\/posts\/188778","targetHints":{"allow":["GET"]}}],"collection":[{"href":"https:\/\/archive.sana.sy\/tr\/index.php?rest_route=\/wp\/v2\/posts"}],"about":[{"href":"https:\/\/archive.sana.sy\/tr\/index.php?rest_route=\/wp\/v2\/types\/post"}],"author":[{"embeddable":true,"href":"https:\/\/archive.sana.sy\/tr\/index.php?rest_route=\/wp\/v2\/users\/1"}],"replies":[{"embeddable":true,"href":"https:\/\/archive.sana.sy\/tr\/index.php?rest_route=%2Fwp%2Fv2%2Fcomments&post=188778"}],"version-history":[{"count":0,"href":"https:\/\/archive.sana.sy\/tr\/index.php?rest_route=\/wp\/v2\/posts\/188778\/revisions"}],"wp:featuredmedia":[{"embeddable":true,"href":"https:\/\/archive.sana.sy\/tr\/index.php?rest_route=\/wp\/v2\/media\/188779"}],"wp:attachment":[{"href":"https:\/\/archive.sana.sy\/tr\/index.php?rest_route=%2Fwp%2Fv2%2Fmedia&parent=188778"}],"wp:term":[{"taxonomy":"category","embeddable":true,"href":"https:\/\/archive.sana.sy\/tr\/index.php?rest_route=%2Fwp%2Fv2%2Fcategories&post=188778"},{"taxonomy":"post_tag","embeddable":true,"href":"https:\/\/archive.sana.sy\/tr\/index.php?rest_route=%2Fwp%2Fv2%2Ftags&post=188778"}],"curies":[{"name":"wp","href":"https:\/\/api.w.org\/{rel}","templated":true}]}}