{"id":188895,"date":"2019-08-22T23:33:04","date_gmt":"2019-08-22T20:33:04","guid":{"rendered":"http:\/\/sana.sy\/tr\/?p=188895"},"modified":"2019-08-24T14:32:25","modified_gmt":"2019-08-24T11:32:25","slug":"sana-kamerasi-suriye-arap-ordusu-kahramanlariyla-terorden-kurtarilan-tel-teri-cevresinde-video","status":"publish","type":"post","link":"https:\/\/archive.sana.sy\/tr\/?p=188895","title":{"rendered":"SANA \u0130dlib ilinin g\u00fcneyi Tel Teri Beldesinde radikal ter\u00f6ristlere ait olan ve ordu birliklerimiz taraf\u0131ndan imha edilen tank ve ara\u00e7lar\u0131 g\u00f6r\u00fcnt\u00fcleri"},"content":{"rendered":"<p style=\"text-align: justify\">SANA \u0130dlib ilinin g\u00fcneyi Tel Teri Beldesinde radikal ter\u00f6ristlere ait olan ve ordu birliklerimiz taraf\u0131ndan imha edilen tank ve ara\u00e7lar\u0131 g\u00f6r\u00fcnt\u00fcleri<\/p>\n<p><span style=\"width: 0px;overflow: hidden;line-height: 0\" data-mce-type=\"bookmark\" class=\"mce_SELRES_start\">\ufeff<\/span><\/p>\n<div id='gallery-1' class='gallery galleryid-188895 gallery-columns-1 gallery-size-full'><figure class='gallery-item'>\n\t\t\t<div class='gallery-icon landscape'>\n\t\t\t\t<a href='https:\/\/archive.sana.sy\/tr\/wp-content\/uploads\/2019\/08\/photo_2019-08-22_16-03-58.jpg'><img loading=\"lazy\" decoding=\"async\" width=\"3543\" height=\"2477\" src=\"https:\/\/archive.sana.sy\/tr\/wp-content\/uploads\/2019\/08\/photo_2019-08-22_16-03-58.jpg\" class=\"attachment-full size-full\" alt=\"\" srcset=\"https:\/\/archive.sana.sy\/tr\/wp-content\/uploads\/2019\/08\/photo_2019-08-22_16-03-58.jpg 3543w, https:\/\/archive.sana.sy\/tr\/wp-content\/uploads\/2019\/08\/photo_2019-08-22_16-03-58-150x105.jpg 150w, https:\/\/archive.sana.sy\/tr\/wp-content\/uploads\/2019\/08\/photo_2019-08-22_16-03-58-300x210.jpg 300w, https:\/\/archive.sana.sy\/tr\/wp-content\/uploads\/2019\/08\/photo_2019-08-22_16-03-58-768x537.jpg 768w, https:\/\/archive.sana.sy\/tr\/wp-content\/uploads\/2019\/08\/photo_2019-08-22_16-03-58-1024x716.jpg 1024w\" sizes=\"auto, (max-width: 3543px) 100vw, 3543px\" \/><\/a>\n\t\t\t<\/div><\/figure><figure class='gallery-item'>\n\t\t\t<div class='gallery-icon landscape'>\n\t\t\t\t<a href='https:\/\/archive.sana.sy\/tr\/wp-content\/uploads\/2019\/08\/photo_2019-08-22_16-04-00.jpg'><img loading=\"lazy\" decoding=\"async\" width=\"3543\" height=\"2585\" src=\"https:\/\/archive.sana.sy\/tr\/wp-content\/uploads\/2019\/08\/photo_2019-08-22_16-04-00.jpg\" class=\"attachment-full size-full\" alt=\"\" srcset=\"https:\/\/archive.sana.sy\/tr\/wp-content\/uploads\/2019\/08\/photo_2019-08-22_16-04-00.jpg 3543w, https:\/\/archive.sana.sy\/tr\/wp-content\/uploads\/2019\/08\/photo_2019-08-22_16-04-00-150x109.jpg 150w, https:\/\/archive.sana.sy\/tr\/wp-content\/uploads\/2019\/08\/photo_2019-08-22_16-04-00-300x219.jpg 300w, https:\/\/archive.sana.sy\/tr\/wp-content\/uploads\/2019\/08\/photo_2019-08-22_16-04-00-768x560.jpg 768w, https:\/\/archive.sana.sy\/tr\/wp-content\/uploads\/2019\/08\/photo_2019-08-22_16-04-00-1024x747.jpg 1024w\" sizes=\"auto, (max-width: 3543px) 100vw, 3543px\" \/><\/a>\n\t\t\t<\/div><\/figure><figure class='gallery-item'>\n\t\t\t<div class='gallery-icon portrait'>\n\t\t\t\t<a href='https:\/\/archive.sana.sy\/tr\/wp-content\/uploads\/2019\/08\/photo_2019-08-22_16-04-05.jpg'><img loading=\"lazy\" decoding=\"async\" width=\"2657\" height=\"3543\" src=\"https:\/\/archive.sana.sy\/tr\/wp-content\/uploads\/2019\/08\/photo_2019-08-22_16-04-05.jpg\" class=\"attachment-full size-full\" alt=\"\" srcset=\"https:\/\/archive.sana.sy\/tr\/wp-content\/uploads\/2019\/08\/photo_2019-08-22_16-04-05.jpg 2657w, https:\/\/archive.sana.sy\/tr\/wp-content\/uploads\/2019\/08\/photo_2019-08-22_16-04-05-112x150.jpg 112w, https:\/\/archive.sana.sy\/tr\/wp-content\/uploads\/2019\/08\/photo_2019-08-22_16-04-05-225x300.jpg 225w, https:\/\/archive.sana.sy\/tr\/wp-content\/uploads\/2019\/08\/photo_2019-08-22_16-04-05-768x1024.jpg 768w\" sizes=\"auto, (max-width: 2657px) 100vw, 2657px\" \/><\/a>\n\t\t\t<\/div><\/figure><figure class='gallery-item'>\n\t\t\t<div class='gallery-icon landscape'>\n\t\t\t\t<a href='https:\/\/archive.sana.sy\/tr\/wp-content\/uploads\/2019\/08\/photo_2019-08-22_16-04-12.jpg'><img loading=\"lazy\" decoding=\"async\" width=\"3543\" height=\"2217\" src=\"https:\/\/archive.sana.sy\/tr\/wp-content\/uploads\/2019\/08\/photo_2019-08-22_16-04-12.jpg\" class=\"attachment-full size-full\" alt=\"\" srcset=\"https:\/\/archive.sana.sy\/tr\/wp-content\/uploads\/2019\/08\/photo_2019-08-22_16-04-12.jpg 3543w, https:\/\/archive.sana.sy\/tr\/wp-content\/uploads\/2019\/08\/photo_2019-08-22_16-04-12-150x94.jpg 150w, https:\/\/archive.sana.sy\/tr\/wp-content\/uploads\/2019\/08\/photo_2019-08-22_16-04-12-300x188.jpg 300w, https:\/\/archive.sana.sy\/tr\/wp-content\/uploads\/2019\/08\/photo_2019-08-22_16-04-12-768x481.jpg 768w, https:\/\/archive.sana.sy\/tr\/wp-content\/uploads\/2019\/08\/photo_2019-08-22_16-04-12-1024x641.jpg 1024w\" sizes=\"auto, (max-width: 3543px) 100vw, 3543px\" \/><\/a>\n\t\t\t<\/div><\/figure><figure class='gallery-item'>\n\t\t\t<div class='gallery-icon landscape'>\n\t\t\t\t<a href='https:\/\/archive.sana.sy\/tr\/wp-content\/uploads\/2019\/08\/photo_2019-08-22_16-04-18.jpg'><img loading=\"lazy\" decoding=\"async\" width=\"3543\" height=\"1982\" src=\"https:\/\/archive.sana.sy\/tr\/wp-content\/uploads\/2019\/08\/photo_2019-08-22_16-04-18.jpg\" class=\"attachment-full size-full\" alt=\"\" srcset=\"https:\/\/archive.sana.sy\/tr\/wp-content\/uploads\/2019\/08\/photo_2019-08-22_16-04-18.jpg 3543w, https:\/\/archive.sana.sy\/tr\/wp-content\/uploads\/2019\/08\/photo_2019-08-22_16-04-18-150x84.jpg 150w, https:\/\/archive.sana.sy\/tr\/wp-content\/uploads\/2019\/08\/photo_2019-08-22_16-04-18-300x168.jpg 300w, https:\/\/archive.sana.sy\/tr\/wp-content\/uploads\/2019\/08\/photo_2019-08-22_16-04-18-768x430.jpg 768w, https:\/\/archive.sana.sy\/tr\/wp-content\/uploads\/2019\/08\/photo_2019-08-22_16-04-18-1024x573.jpg 1024w\" sizes=\"auto, (max-width: 3543px) 100vw, 3543px\" \/><\/a>\n\t\t\t<\/div><\/figure><figure class='gallery-item'>\n\t\t\t<div class='gallery-icon portrait'>\n\t\t\t\t<a href='https:\/\/archive.sana.sy\/tr\/wp-content\/uploads\/2019\/08\/photo_2019-08-22_16-04-21.jpg'><img loading=\"lazy\" decoding=\"async\" width=\"2657\" height=\"3543\" src=\"https:\/\/archive.sana.sy\/tr\/wp-content\/uploads\/2019\/08\/photo_2019-08-22_16-04-21.jpg\" class=\"attachment-full size-full\" alt=\"\" srcset=\"https:\/\/archive.sana.sy\/tr\/wp-content\/uploads\/2019\/08\/photo_2019-08-22_16-04-21.jpg 2657w, https:\/\/archive.sana.sy\/tr\/wp-content\/uploads\/2019\/08\/photo_2019-08-22_16-04-21-112x150.jpg 112w, https:\/\/archive.sana.sy\/tr\/wp-content\/uploads\/2019\/08\/photo_2019-08-22_16-04-21-225x300.jpg 225w, https:\/\/archive.sana.sy\/tr\/wp-content\/uploads\/2019\/08\/photo_2019-08-22_16-04-21-768x1024.jpg 768w\" sizes=\"auto, (max-width: 2657px) 100vw, 2657px\" \/><\/a>\n\t\t\t<\/div><\/figure><figure class='gallery-item'>\n\t\t\t<div class='gallery-icon landscape'>\n\t\t\t\t<a href='https:\/\/archive.sana.sy\/tr\/wp-content\/uploads\/2019\/08\/photo_2019-08-22_16-04-30.jpg'><img loading=\"lazy\" decoding=\"async\" width=\"3543\" height=\"2657\" src=\"https:\/\/archive.sana.sy\/tr\/wp-content\/uploads\/2019\/08\/photo_2019-08-22_16-04-30.jpg\" class=\"attachment-full size-full\" alt=\"\" srcset=\"https:\/\/archive.sana.sy\/tr\/wp-content\/uploads\/2019\/08\/photo_2019-08-22_16-04-30.jpg 3543w, https:\/\/archive.sana.sy\/tr\/wp-content\/uploads\/2019\/08\/photo_2019-08-22_16-04-30-150x112.jpg 150w, https:\/\/archive.sana.sy\/tr\/wp-content\/uploads\/2019\/08\/photo_2019-08-22_16-04-30-300x225.jpg 300w, https:\/\/archive.sana.sy\/tr\/wp-content\/uploads\/2019\/08\/photo_2019-08-22_16-04-30-768x576.jpg 768w, https:\/\/archive.sana.sy\/tr\/wp-content\/uploads\/2019\/08\/photo_2019-08-22_16-04-30-1024x768.jpg 1024w\" sizes=\"auto, (max-width: 3543px) 100vw, 3543px\" \/><\/a>\n\t\t\t<\/div><\/figure>\n\t\t<\/div>\n\n","protected":false},"excerpt":{"rendered":"<p>SANA \u0130dlib ilinin g\u00fcneyi Tel Teri Beldesinde radikal ter\u00f6ristlere ait olan ve ordu birliklerimiz taraf\u0131ndan imha edilen tank ve ara\u00e7lar\u0131 g\u00f6r\u00fcnt\u00fcleri \ufeff<\/p>\n","protected":false},"author":1,"featured_media":188896,"comment_status":"closed","ping_status":"closed","sticky":false,"template":"","format":"standard","meta":{"footnotes":""},"categories":[596,18295],"tags":[],"class_list":["post-188895","post","type-post","status-publish","format-standard","has-post-thumbnail","","category-fotografli-raporlar","category-sana-video"],"_links":{"self":[{"href":"https:\/\/archive.sana.sy\/tr\/index.php?rest_route=\/wp\/v2\/posts\/188895","targetHints":{"allow":["GET"]}}],"collection":[{"href":"https:\/\/archive.sana.sy\/tr\/index.php?rest_route=\/wp\/v2\/posts"}],"about":[{"href":"https:\/\/archive.sana.sy\/tr\/index.php?rest_route=\/wp\/v2\/types\/post"}],"author":[{"embeddable":true,"href":"https:\/\/archive.sana.sy\/tr\/index.php?rest_route=\/wp\/v2\/users\/1"}],"replies":[{"embeddable":true,"href":"https:\/\/archive.sana.sy\/tr\/index.php?rest_route=%2Fwp%2Fv2%2Fcomments&post=188895"}],"version-history":[{"count":0,"href":"https:\/\/archive.sana.sy\/tr\/index.php?rest_route=\/wp\/v2\/posts\/188895\/revisions"}],"wp:featuredmedia":[{"embeddable":true,"href":"https:\/\/archive.sana.sy\/tr\/index.php?rest_route=\/wp\/v2\/media\/188896"}],"wp:attachment":[{"href":"https:\/\/archive.sana.sy\/tr\/index.php?rest_route=%2Fwp%2Fv2%2Fmedia&parent=188895"}],"wp:term":[{"taxonomy":"category","embeddable":true,"href":"https:\/\/archive.sana.sy\/tr\/index.php?rest_route=%2Fwp%2Fv2%2Fcategories&post=188895"},{"taxonomy":"post_tag","embeddable":true,"href":"https:\/\/archive.sana.sy\/tr\/index.php?rest_route=%2Fwp%2Fv2%2Ftags&post=188895"}],"curies":[{"name":"wp","href":"https:\/\/api.w.org\/{rel}","templated":true}]}}