{"id":188915,"date":"2019-08-22T22:48:24","date_gmt":"2019-08-22T19:48:24","guid":{"rendered":"http:\/\/sana.sy\/tr\/?p=188915"},"modified":"2019-08-24T14:26:57","modified_gmt":"2019-08-24T11:26:57","slug":"kremlin-suriye-ile-ilgili-uclu-zirvenin-hazirliklarini-ilan-etti","status":"publish","type":"post","link":"https:\/\/archive.sana.sy\/tr\/?p=188915","title":{"rendered":"Kremlin Suriye \u0130le \u0130lgili \u00dc\u00e7l\u00fc Zirvenin Haz\u0131rl\u0131klar\u0131n\u0131 \u0130lan Etti"},"content":{"rendered":"<p style=\"text-align: justify\">MOSKOVA \u2013 Kremlin, Suriye ile ilgili Rusya, \u0130ran ve T\u00fcrkiye&#8217;yi Ankara&#8217;da bir araya getirecek 3&#8217;l\u00fc zirve i\u00e7in haz\u0131rl\u0131klar\u0131n devam etti\u011fini ilan etti.<\/p>\n<p style=\"text-align: justify\">Tass Haber Ajans\u0131 Kremlin bas\u0131n s\u00f6zc\u00fcs\u00fc Dimitri Biskov&#8217;un bug\u00fcn gezetecilere verdi\u011fi deme\u00e7ten naklen, s\u00f6z konusu zirvenin haz\u0131rl\u0131klar\u0131n\u0131n devam etti\u011fini ve tam tarihinin m\u00fcnasip zamanda ilan edilece\u011fini s\u00f6yledi.<\/p>\n<p>\u00c7eviri: S. \u015eahhut.<\/p>\n","protected":false},"excerpt":{"rendered":"<p>MOSKOVA \u2013 Kremlin, Suriye ile ilgili Rusya, \u0130ran ve T\u00fcrkiye&#8217;yi Ankara&#8217;da bir araya getirecek 3&#8217;l\u00fc zirve i\u00e7in haz\u0131rl\u0131klar\u0131n devam etti\u011fini ilan etti. Tass Haber Ajans\u0131 Kremlin bas\u0131n s\u00f6zc\u00fcs\u00fc Dimitri Biskov&#8217;un bug\u00fcn gezetecilere verdi\u011fi deme\u00e7ten naklen, s\u00f6z konusu zirvenin haz\u0131rl\u0131klar\u0131n\u0131n devam etti\u011fini ve tam tarihinin m\u00fcnasip zamanda ilan edilece\u011fini s\u00f6yledi. \u00c7eviri: S. \u015eahhut.<\/p>\n","protected":false},"author":1,"featured_media":188916,"comment_status":"closed","ping_status":"closed","sticky":false,"template":"","format":"standard","meta":{"footnotes":""},"categories":[458,459,17988],"tags":[],"class_list":["post-188915","post","type-post","status-publish","format-standard","has-post-thumbnail","","category-dunya1","category-haberler-arap-uluslararasi-politika","category-son-haberler"],"_links":{"self":[{"href":"https:\/\/archive.sana.sy\/tr\/index.php?rest_route=\/wp\/v2\/posts\/188915","targetHints":{"allow":["GET"]}}],"collection":[{"href":"https:\/\/archive.sana.sy\/tr\/index.php?rest_route=\/wp\/v2\/posts"}],"about":[{"href":"https:\/\/archive.sana.sy\/tr\/index.php?rest_route=\/wp\/v2\/types\/post"}],"author":[{"embeddable":true,"href":"https:\/\/archive.sana.sy\/tr\/index.php?rest_route=\/wp\/v2\/users\/1"}],"replies":[{"embeddable":true,"href":"https:\/\/archive.sana.sy\/tr\/index.php?rest_route=%2Fwp%2Fv2%2Fcomments&post=188915"}],"version-history":[{"count":0,"href":"https:\/\/archive.sana.sy\/tr\/index.php?rest_route=\/wp\/v2\/posts\/188915\/revisions"}],"wp:featuredmedia":[{"embeddable":true,"href":"https:\/\/archive.sana.sy\/tr\/index.php?rest_route=\/wp\/v2\/media\/188916"}],"wp:attachment":[{"href":"https:\/\/archive.sana.sy\/tr\/index.php?rest_route=%2Fwp%2Fv2%2Fmedia&parent=188915"}],"wp:term":[{"taxonomy":"category","embeddable":true,"href":"https:\/\/archive.sana.sy\/tr\/index.php?rest_route=%2Fwp%2Fv2%2Fcategories&post=188915"},{"taxonomy":"post_tag","embeddable":true,"href":"https:\/\/archive.sana.sy\/tr\/index.php?rest_route=%2Fwp%2Fv2%2Ftags&post=188915"}],"curies":[{"name":"wp","href":"https:\/\/api.w.org\/{rel}","templated":true}]}}