{"id":189026,"date":"2019-08-25T16:30:39","date_gmt":"2019-08-25T13:30:39","guid":{"rendered":"http:\/\/www.sana.sy\/tr\/?p=189026"},"modified":"2019-08-26T15:30:47","modified_gmt":"2019-08-26T12:30:47","slug":"kultur-gunlerinin-programi-aciklandi","status":"publish","type":"post","link":"https:\/\/archive.sana.sy\/tr\/?p=189026","title":{"rendered":"K\u00fclt\u00fcr G\u00fcnlerinin Program\u0131 A\u00e7\u0131kland\u0131"},"content":{"rendered":"<p>\u015eAM \u2013 K\u00fclt\u00fcr Bakanl\u0131\u011f\u0131na tabi Esad K\u00fclt\u00fcr Sanat Merkezi y\u00f6netim kurulu; Uluslararas\u0131 \u015eam Fuar\u0131n\u0131n 61. d\u00f6nem faaliyetleri e\u015fli\u011finde 29 A\u011fustos ila 05 Eyl\u00fcl tarihleri aras\u0131nda hayata ge\u00e7irilecek olan k\u00fclt\u00fcr faaliyetlerinin program\u0131n\u0131 a\u00e7\u0131klad\u0131. <a href=\"http:\/\/www.sana.sy\/tr\/wp-content\/uploads\/2019\/08\/2-31.jpg\"><img loading=\"lazy\" decoding=\"async\" class=\"alignright wp-image-189027 size-medium\" src=\"http:\/\/www.sana.sy\/tr\/wp-content\/uploads\/2019\/08\/2-31-300x200.jpg\" alt=\"\" width=\"300\" height=\"200\" srcset=\"https:\/\/archive.sana.sy\/tr\/wp-content\/uploads\/2019\/08\/2-31-300x200.jpg 300w, https:\/\/archive.sana.sy\/tr\/wp-content\/uploads\/2019\/08\/2-31-150x100.jpg 150w, https:\/\/archive.sana.sy\/tr\/wp-content\/uploads\/2019\/08\/2-31.jpg 660w\" sizes=\"auto, (max-width: 300px) 100vw, 300px\" \/><\/a><\/p>\n<p>Esad K\u00fclt\u00fcr Sanat Merkezi Genel M\u00fcd\u00fcr\u00fc Andre Malula bug\u00fcn d\u00fczenledi\u011fi bas\u0131n toplant\u0131s\u0131nda; Ortado\u011fu\u2019nun en \u00f6nemli ekonomi ve sosyal faaliyetlerden biri say\u0131lan ve herkesin sab\u0131rs\u0131zl\u0131kla bekledi\u011fi Uluslararas\u0131 \u015eam Fuar\u0131n\u0131n 61. D\u00f6nem faaliyetleri yerel ve uluslararas\u0131 kat\u0131l\u0131m a\u00e7\u0131s\u0131ndan olduk\u00e7a yo\u011fun olmas\u0131 beklendi\u011fine dikkat \u00e7ekti. Malula ayn\u0131 zamanda fuar kapsam\u0131nda d\u00fczenlenecek k\u00fclt\u00fcr, sanat, e\u011flence ve sosyal faaliyetlerin de olduk\u00e7a zengin olaca\u011f\u0131n\u0131 belirtti.<\/p>\n<p>\u015eam fuar\u0131n\u0131n t\u00fcm Suriyelilerin yan\u0131 s\u0131ra t\u00fcm b\u00f6lge halklar\u0131n\u0131n haf\u0131zalar\u0131 ve an\u0131lar\u0131ndaki \u00f6nemli ve asil yerine \u0131\u015f\u0131k tutan Malula; 1950\u2019li y\u0131llar\u0131n ba\u015f\u0131ndan beri devam eden bu faaliyetin bu y\u0131l s\u00fcrprizlerle dolu olaca\u011f\u0131n\u0131 s\u00f6yledi.<\/p>\n","protected":false},"excerpt":{"rendered":"<p>\u015eAM \u2013 K\u00fclt\u00fcr Bakanl\u0131\u011f\u0131na tabi Esad K\u00fclt\u00fcr Sanat Merkezi y\u00f6netim kurulu; Uluslararas\u0131 \u015eam Fuar\u0131n\u0131n 61. d\u00f6nem faaliyetleri e\u015fli\u011finde 29 A\u011fustos ila 05 Eyl\u00fcl tarihleri aras\u0131nda hayata ge\u00e7irilecek olan k\u00fclt\u00fcr faaliyetlerinin program\u0131n\u0131 a\u00e7\u0131klad\u0131. Esad K\u00fclt\u00fcr Sanat Merkezi Genel M\u00fcd\u00fcr\u00fc Andre Malula bug\u00fcn d\u00fczenledi\u011fi bas\u0131n toplant\u0131s\u0131nda; Ortado\u011fu\u2019nun en \u00f6nemli ekonomi ve sosyal faaliyetlerden biri say\u0131lan ve herkesin &hellip;<\/p>\n","protected":false},"author":1,"featured_media":189028,"comment_status":"closed","ping_status":"closed","sticky":false,"template":"","format":"standard","meta":{"footnotes":""},"categories":[38173,516,479,511,17988,478],"tags":[],"class_list":["post-189026","post","type-post","status-publish","format-standard","has-post-thumbnail","","category-61-uluslararasi-sam-fuari","category-haberler-kultur-ve-sanat","category-haberler-yerel","category-kultur-ve-sanat","category-son-haberler","category-yerel"],"_links":{"self":[{"href":"https:\/\/archive.sana.sy\/tr\/index.php?rest_route=\/wp\/v2\/posts\/189026","targetHints":{"allow":["GET"]}}],"collection":[{"href":"https:\/\/archive.sana.sy\/tr\/index.php?rest_route=\/wp\/v2\/posts"}],"about":[{"href":"https:\/\/archive.sana.sy\/tr\/index.php?rest_route=\/wp\/v2\/types\/post"}],"author":[{"embeddable":true,"href":"https:\/\/archive.sana.sy\/tr\/index.php?rest_route=\/wp\/v2\/users\/1"}],"replies":[{"embeddable":true,"href":"https:\/\/archive.sana.sy\/tr\/index.php?rest_route=%2Fwp%2Fv2%2Fcomments&post=189026"}],"version-history":[{"count":0,"href":"https:\/\/archive.sana.sy\/tr\/index.php?rest_route=\/wp\/v2\/posts\/189026\/revisions"}],"wp:featuredmedia":[{"embeddable":true,"href":"https:\/\/archive.sana.sy\/tr\/index.php?rest_route=\/wp\/v2\/media\/189028"}],"wp:attachment":[{"href":"https:\/\/archive.sana.sy\/tr\/index.php?rest_route=%2Fwp%2Fv2%2Fmedia&parent=189026"}],"wp:term":[{"taxonomy":"category","embeddable":true,"href":"https:\/\/archive.sana.sy\/tr\/index.php?rest_route=%2Fwp%2Fv2%2Fcategories&post=189026"},{"taxonomy":"post_tag","embeddable":true,"href":"https:\/\/archive.sana.sy\/tr\/index.php?rest_route=%2Fwp%2Fv2%2Ftags&post=189026"}],"curies":[{"name":"wp","href":"https:\/\/api.w.org\/{rel}","templated":true}]}}