{"id":189162,"date":"2019-08-26T12:18:33","date_gmt":"2019-08-26T09:18:33","guid":{"rendered":"http:\/\/www.sana.sy\/tr\/?p=189162"},"modified":"2019-08-27T14:59:17","modified_gmt":"2019-08-27T11:59:17","slug":"suriye-gencler-icin-futbol-takimi-asya-finallerine-hazirliklari-tamamladi","status":"publish","type":"post","link":"https:\/\/archive.sana.sy\/tr\/?p=189162","title":{"rendered":"Suriye Gen\u00e7ler \u0130\u00e7in Futbol Tak\u0131m\u0131 Asya Finallerine Haz\u0131rl\u0131klar\u0131 Tamamlad\u0131"},"content":{"rendered":"<p>\u015eAM \u2013 Suriye gen\u00e7 erkekler i\u00e7in futbol tak\u0131m\u0131 gelecek Eyl\u00fcl ay\u0131n\u0131n 18 ba\u015flanacak Asya Finallerine haz\u0131rl\u0131klar\u0131 el Mecd gen\u00e7ler tak\u0131m\u0131 ile oynad\u0131\u011f\u0131 ma\u00e7la tamamlad\u0131.<\/p>\n<p>Suriye gen\u00e7ler i\u00e7in futbol tak\u0131m\u0131 yerel Ti\u015frin Futbol Yar\u0131\u015fmalar\u0131na kat\u0131larak Asya Finallerine son haz\u0131rl\u0131klar\u0131n\u0131 yapt\u0131. Gen\u00e7ler tak\u0131m\u0131 haz\u0131rl\u0131k kamp\u0131nda son olarak el Mejd gen\u00e7ler tak\u0131m\u0131 ile ma\u00e7\u0131 2-1 skorla kazand\u0131. Suriye Gen\u00e7ler Tak\u0131m\u0131 Asya Finallerinde 4. Grubunda yer alarak Uman, Pakistan ve Suudi Arabistan tak\u0131mlar\u0131 ile rekabet edecek.<\/p>\n<p>\u00c7eviri: P.M.<\/p>\n","protected":false},"excerpt":{"rendered":"<p>\u015eAM \u2013 Suriye gen\u00e7 erkekler i\u00e7in futbol tak\u0131m\u0131 gelecek Eyl\u00fcl ay\u0131n\u0131n 18 ba\u015flanacak Asya Finallerine haz\u0131rl\u0131klar\u0131 el Mecd gen\u00e7ler tak\u0131m\u0131 ile oynad\u0131\u011f\u0131 ma\u00e7la tamamlad\u0131. Suriye gen\u00e7ler i\u00e7in futbol tak\u0131m\u0131 yerel Ti\u015frin Futbol Yar\u0131\u015fmalar\u0131na kat\u0131larak Asya Finallerine son haz\u0131rl\u0131klar\u0131n\u0131 yapt\u0131. Gen\u00e7ler tak\u0131m\u0131 haz\u0131rl\u0131k kamp\u0131nda son olarak el Mejd gen\u00e7ler tak\u0131m\u0131 ile ma\u00e7\u0131 2-1 skorla kazand\u0131. Suriye &hellip;<\/p>\n","protected":false},"author":1,"featured_media":189163,"comment_status":"closed","ping_status":"closed","sticky":false,"template":"","format":"standard","meta":{"footnotes":""},"categories":[498,17988,496],"tags":[],"class_list":["post-189162","post","type-post","status-publish","format-standard","has-post-thumbnail","","category-dunya-turnuvalari","category-son-haberler","category-spor"],"_links":{"self":[{"href":"https:\/\/archive.sana.sy\/tr\/index.php?rest_route=\/wp\/v2\/posts\/189162","targetHints":{"allow":["GET"]}}],"collection":[{"href":"https:\/\/archive.sana.sy\/tr\/index.php?rest_route=\/wp\/v2\/posts"}],"about":[{"href":"https:\/\/archive.sana.sy\/tr\/index.php?rest_route=\/wp\/v2\/types\/post"}],"author":[{"embeddable":true,"href":"https:\/\/archive.sana.sy\/tr\/index.php?rest_route=\/wp\/v2\/users\/1"}],"replies":[{"embeddable":true,"href":"https:\/\/archive.sana.sy\/tr\/index.php?rest_route=%2Fwp%2Fv2%2Fcomments&post=189162"}],"version-history":[{"count":0,"href":"https:\/\/archive.sana.sy\/tr\/index.php?rest_route=\/wp\/v2\/posts\/189162\/revisions"}],"wp:featuredmedia":[{"embeddable":true,"href":"https:\/\/archive.sana.sy\/tr\/index.php?rest_route=\/wp\/v2\/media\/189163"}],"wp:attachment":[{"href":"https:\/\/archive.sana.sy\/tr\/index.php?rest_route=%2Fwp%2Fv2%2Fmedia&parent=189162"}],"wp:term":[{"taxonomy":"category","embeddable":true,"href":"https:\/\/archive.sana.sy\/tr\/index.php?rest_route=%2Fwp%2Fv2%2Fcategories&post=189162"},{"taxonomy":"post_tag","embeddable":true,"href":"https:\/\/archive.sana.sy\/tr\/index.php?rest_route=%2Fwp%2Fv2%2Ftags&post=189162"}],"curies":[{"name":"wp","href":"https:\/\/api.w.org\/{rel}","templated":true}]}}