{"id":189171,"date":"2019-08-26T23:41:56","date_gmt":"2019-08-26T20:41:56","guid":{"rendered":"http:\/\/www.sana.sy\/tr\/?p=189171"},"modified":"2019-08-27T15:02:52","modified_gmt":"2019-08-27T12:02:52","slug":"dr-el-attarin-katilimiyla-cocuklar-ve-gencler-icin-programcilik-maratonunda-dereceye-girenler-odullendirildi","status":"publish","type":"post","link":"https:\/\/archive.sana.sy\/tr\/?p=189171","title":{"rendered":"Dr. El Attar&#8217;\u0131n Kat\u0131l\u0131m\u0131yla.. \u00c7ocuklar ve Gen\u00e7ler \u0130\u00e7in Programc\u0131l\u0131k Maratonunda Dereceye Girenler \u00d6d\u00fcllendirildi"},"content":{"rendered":"<p style=\"text-align: justify;\">\u015eAM &#8211; Suriye Sanal \u00dcniversitesi ve \u015eam&#8217;daki Dar Al-Esad Tiyatro ve Sanat Tiyatrosu&#8217;ndaki M\u00fckemmellik ve Yarat\u0131c\u0131l\u0131k Komisyonu bug\u00fcn, Cumhurba\u015fkan\u0131 Yard\u0131mc\u0131s\u0131 ve Suriye Sanal \u00dcniversitesi M\u00fctevelli Heyeti Ba\u015fkan\u0131 Dr. Necah el Attar&#8217;\u0131n kat\u0131l\u0131m\u0131yla 2019 y\u0131l\u0131 \u00e7ocuklar ve gen\u00e7ler programc\u0131l\u0131k maratonu m\u00fcsabakas\u0131nda dereceye girenleri \u00f6d\u00fcllendirdi.<\/p>\n<p style=\"text-align: justify;\">8 &#8211; 11 ya\u015f aras\u0131ndaki \u00e7ocuklar kategorisinde ilk s\u0131rada yer alan \u015eam\u2019dan Meys <a href=\"http:\/\/www.sana.sy\/tr\/wp-content\/uploads\/2019\/08\/33333.jpg\"><img loading=\"lazy\" decoding=\"async\" class=\"alignright wp-image-189173 size-medium\" src=\"http:\/\/www.sana.sy\/tr\/wp-content\/uploads\/2019\/08\/33333-300x174.jpg\" alt=\"\" width=\"300\" height=\"174\" srcset=\"https:\/\/archive.sana.sy\/tr\/wp-content\/uploads\/2019\/08\/33333-300x174.jpg 300w, https:\/\/archive.sana.sy\/tr\/wp-content\/uploads\/2019\/08\/33333-150x87.jpg 150w, https:\/\/archive.sana.sy\/tr\/wp-content\/uploads\/2019\/08\/33333-768x445.jpg 768w, https:\/\/archive.sana.sy\/tr\/wp-content\/uploads\/2019\/08\/33333-1024x593.jpg 1024w\" sizes=\"auto, (max-width: 300px) 100vw, 300px\" \/><\/a>Muhammed Hayr el Masri, ikinci yine \u015eam\u2019dan \u00d6mer Abdullah Sadiya ve\u00a0 Lazkiye\u2019den \u00fc\u00e7\u00fcnc\u00fc Nur \u0130yad Hatem yer ald\u0131.<\/p>\n<p style=\"text-align: justify;\">12 -15 ya\u015f aras\u0131ndaki ergenler kategorisinde de birincili\u011fi Lazkiye&#8217;den Kerem Bobo, ikincili\u011fi Lazkiye&#8217;den Ali Suud ve \u00fc\u00e7\u00fcnc\u00fcl\u00fc\u011f\u00fc \u015eam&#8217;dan H\u00fcseyin Bospeyd\u0131t kazand\u0131.<\/p>\n<p style=\"text-align: justify;\">Suriye Sanal \u00dcniversitesi Rekt\u00f6r\u00fc Dr. Halil el-Ajami, rekabetin, \u00e7e\u015fitli uygulamalarda ve hizmetlerde, Suriye&#8217;de t\u00fcm seviyelerde refah ve s\u00fcrd\u00fcr\u00fclebilir kalk\u0131nma i\u00e7in hizmet veren, bilin\u00e7li bir nesil olu\u015fturmak amac\u0131yla, modern programlama ve giri\u015fimcili\u011fin k\u00f6kenine y\u00f6nelik teknolojik \u00f6\u011frenme ve gen\u00e7lik \u00f6\u011fretimi s\u00fcrecini desteklemek \u00e7er\u00e7evesinde ger\u00e7ekle\u015fti\u011fini vurgulad\u0131.<\/p>\n<p style=\"text-align: justify;\">El Ajami, d\u00fcnyan\u0131n bilgi ve teknoloji ekonomisine do\u011fru ilerledi\u011fini ve \u00fcniversitenin \u00f6n\u00fcm\u00fczdeki s\u00fcre\u00e7 i\u00e7erisinde gen\u00e7lerin programlama alan\u0131nda k\u00fcresel d\u00fczeyde rekabet edebilmelerini desteklemek i\u00e7in Suriyeli gen\u00e7ler ve ileri d\u00fczeydeki \u00f6\u011frencilerin g\u00fcc\u00fcn\u00fc destekleyen daha fazla m\u00fcsabaka ve aktiviteler d\u00fczenleyece\u011fine dikkat \u00e7ekti.<\/p>\n<p style=\"text-align: justify;\">\u00d6d\u00fcl t\u00f6reni, 2003 y\u0131l\u0131nda kurulan ve 7 &#8211; 12 ya\u015flar\u0131 aras\u0131ndaki \u00e7ocuklar\u0131 bar\u0131nd\u0131ran, \u00e7ok say\u0131da yerel ve uluslararas\u0131 kat\u0131l\u0131m\u0131 bulunan \u201cLuna\u201d Korosu \u00e7ocuklar\u0131n\u0131n sundu\u011fu \u201crenkler\u201d ba\u015fl\u0131kl\u0131 m\u00fczikalleri i\u00e7erdi.<\/p>\n<p>\u00c7eviri: S.\u015eahut<\/p>\n<p>&nbsp;<\/p>\n","protected":false},"excerpt":{"rendered":"<p>\u015eAM &#8211; Suriye Sanal \u00dcniversitesi ve \u015eam&#8217;daki Dar Al-Esad Tiyatro ve Sanat Tiyatrosu&#8217;ndaki M\u00fckemmellik ve Yarat\u0131c\u0131l\u0131k Komisyonu bug\u00fcn, Cumhurba\u015fkan\u0131 Yard\u0131mc\u0131s\u0131 ve Suriye Sanal \u00dcniversitesi M\u00fctevelli Heyeti Ba\u015fkan\u0131 Dr. Necah el Attar&#8217;\u0131n kat\u0131l\u0131m\u0131yla 2019 y\u0131l\u0131 \u00e7ocuklar ve gen\u00e7ler programc\u0131l\u0131k maratonu m\u00fcsabakas\u0131nda dereceye girenleri \u00f6d\u00fcllendirdi. 8 &#8211; 11 ya\u015f aras\u0131ndaki \u00e7ocuklar kategorisinde ilk s\u0131rada yer alan \u015eam\u2019dan &hellip;<\/p>\n","protected":false},"author":1,"featured_media":189172,"comment_status":"closed","ping_status":"closed","sticky":false,"template":"","format":"standard","meta":{"footnotes":""},"categories":[479,516,511,17988,478],"tags":[],"class_list":["post-189171","post","type-post","status-publish","format-standard","has-post-thumbnail","","category-haberler-yerel","category-haberler-kultur-ve-sanat","category-kultur-ve-sanat","category-son-haberler","category-yerel"],"_links":{"self":[{"href":"https:\/\/archive.sana.sy\/tr\/index.php?rest_route=\/wp\/v2\/posts\/189171","targetHints":{"allow":["GET"]}}],"collection":[{"href":"https:\/\/archive.sana.sy\/tr\/index.php?rest_route=\/wp\/v2\/posts"}],"about":[{"href":"https:\/\/archive.sana.sy\/tr\/index.php?rest_route=\/wp\/v2\/types\/post"}],"author":[{"embeddable":true,"href":"https:\/\/archive.sana.sy\/tr\/index.php?rest_route=\/wp\/v2\/users\/1"}],"replies":[{"embeddable":true,"href":"https:\/\/archive.sana.sy\/tr\/index.php?rest_route=%2Fwp%2Fv2%2Fcomments&post=189171"}],"version-history":[{"count":0,"href":"https:\/\/archive.sana.sy\/tr\/index.php?rest_route=\/wp\/v2\/posts\/189171\/revisions"}],"wp:featuredmedia":[{"embeddable":true,"href":"https:\/\/archive.sana.sy\/tr\/index.php?rest_route=\/wp\/v2\/media\/189172"}],"wp:attachment":[{"href":"https:\/\/archive.sana.sy\/tr\/index.php?rest_route=%2Fwp%2Fv2%2Fmedia&parent=189171"}],"wp:term":[{"taxonomy":"category","embeddable":true,"href":"https:\/\/archive.sana.sy\/tr\/index.php?rest_route=%2Fwp%2Fv2%2Fcategories&post=189171"},{"taxonomy":"post_tag","embeddable":true,"href":"https:\/\/archive.sana.sy\/tr\/index.php?rest_route=%2Fwp%2Fv2%2Ftags&post=189171"}],"curies":[{"name":"wp","href":"https:\/\/api.w.org\/{rel}","templated":true}]}}