{"id":189180,"date":"2019-08-27T13:45:29","date_gmt":"2019-08-27T10:45:29","guid":{"rendered":"http:\/\/www.sana.sy\/tr\/?p=189180"},"modified":"2019-08-28T14:37:46","modified_gmt":"2019-08-28T11:37:46","slug":"israil-devlet-teroru-uyguluyor","status":"publish","type":"post","link":"https:\/\/archive.sana.sy\/tr\/?p=189180","title":{"rendered":"\u0130srail Devlet Ter\u00f6r\u00fc Uyguluyor"},"content":{"rendered":"<p>PRAG \u2013 \u00c7ek Cumhuriyeti Parlamentosunda \u00c7ek \u2013 Suriye Parlamenter Dostluk Grubu Ba\u015fkan\u0131 Stanislav Grospic \u0130srail\u2019in son olarak \u015eam k\u0131rsal\u0131na bulundu\u011fu f\u00fcze sald\u0131r\u0131s\u0131n\u0131 k\u0131narken \u0130srail\u2019in devlet ter\u00f6r\u00fc uygulad\u0131\u011f\u0131n\u0131 g\u00f6steren yeni bir kan\u0131t oldu\u011funa i\u015faret etti.<\/p>\n<p>Prag\u2019da bug\u00fcn SANA muhabirine yapt\u0131\u011f\u0131 a\u00e7\u0131klamada Grospi\u00e7; \u0130srail\u2019in bu sald\u0131r\u0131s\u0131n\u0131n i\u015fgal alt\u0131ndaki Golan \u00fczerinden ger\u00e7ekle\u015ftirdi\u011fine dikkat \u00e7ekerken, bu i\u015fgalin son verme \u00f6nemini vurgulad\u0131. Grospi\u00e7; Golan\u2019\u0131n \u0130srail\u2019in i\u015fgal alt\u0131nda kalmas\u0131 takdirde ter\u00f6r gruplar\u0131na verilen deste\u011finin bug\u00fcne kadar oldu\u011fu gibi s\u00fcrd\u00fcr\u00fclece\u011fini belirtti.<\/p>\n<p>Grospi\u00e7 ayr\u0131ca; Suriye hava savunma sistemlerinin \u0130srail f\u00fczelerine kar\u015f\u0131 koyma ve Suriye vatanda\u015flar\u0131n\u0131 herhangi bir tehditten koruma kabiliyetine \u0131\u015f\u0131k tuttu.<\/p>\n<p>\u00c7eviri: P.M.<\/p>\n","protected":false},"excerpt":{"rendered":"<p>PRAG \u2013 \u00c7ek Cumhuriyeti Parlamentosunda \u00c7ek \u2013 Suriye Parlamenter Dostluk Grubu Ba\u015fkan\u0131 Stanislav Grospic \u0130srail\u2019in son olarak \u015eam k\u0131rsal\u0131na bulundu\u011fu f\u00fcze sald\u0131r\u0131s\u0131n\u0131 k\u0131narken \u0130srail\u2019in devlet ter\u00f6r\u00fc uygulad\u0131\u011f\u0131n\u0131 g\u00f6steren yeni bir kan\u0131t oldu\u011funa i\u015faret etti. Prag\u2019da bug\u00fcn SANA muhabirine yapt\u0131\u011f\u0131 a\u00e7\u0131klamada Grospi\u00e7; \u0130srail\u2019in bu sald\u0131r\u0131s\u0131n\u0131n i\u015fgal alt\u0131ndaki Golan \u00fczerinden ger\u00e7ekle\u015ftirdi\u011fine dikkat \u00e7ekerken, bu i\u015fgalin son verme &hellip;<\/p>\n","protected":false},"author":1,"featured_media":189194,"comment_status":"closed","ping_status":"closed","sticky":false,"template":"","format":"standard","meta":{"footnotes":""},"categories":[458,459,17988],"tags":[],"class_list":["post-189180","post","type-post","status-publish","format-standard","has-post-thumbnail","","category-dunya1","category-haberler-arap-uluslararasi-politika","category-son-haberler"],"_links":{"self":[{"href":"https:\/\/archive.sana.sy\/tr\/index.php?rest_route=\/wp\/v2\/posts\/189180","targetHints":{"allow":["GET"]}}],"collection":[{"href":"https:\/\/archive.sana.sy\/tr\/index.php?rest_route=\/wp\/v2\/posts"}],"about":[{"href":"https:\/\/archive.sana.sy\/tr\/index.php?rest_route=\/wp\/v2\/types\/post"}],"author":[{"embeddable":true,"href":"https:\/\/archive.sana.sy\/tr\/index.php?rest_route=\/wp\/v2\/users\/1"}],"replies":[{"embeddable":true,"href":"https:\/\/archive.sana.sy\/tr\/index.php?rest_route=%2Fwp%2Fv2%2Fcomments&post=189180"}],"version-history":[{"count":0,"href":"https:\/\/archive.sana.sy\/tr\/index.php?rest_route=\/wp\/v2\/posts\/189180\/revisions"}],"wp:featuredmedia":[{"embeddable":true,"href":"https:\/\/archive.sana.sy\/tr\/index.php?rest_route=\/wp\/v2\/media\/189194"}],"wp:attachment":[{"href":"https:\/\/archive.sana.sy\/tr\/index.php?rest_route=%2Fwp%2Fv2%2Fmedia&parent=189180"}],"wp:term":[{"taxonomy":"category","embeddable":true,"href":"https:\/\/archive.sana.sy\/tr\/index.php?rest_route=%2Fwp%2Fv2%2Fcategories&post=189180"},{"taxonomy":"post_tag","embeddable":true,"href":"https:\/\/archive.sana.sy\/tr\/index.php?rest_route=%2Fwp%2Fv2%2Ftags&post=189180"}],"curies":[{"name":"wp","href":"https:\/\/api.w.org\/{rel}","templated":true}]}}