{"id":189189,"date":"2019-08-27T13:16:39","date_gmt":"2019-08-27T10:16:39","guid":{"rendered":"http:\/\/www.sana.sy\/tr\/?p=189189"},"modified":"2019-08-27T13:16:39","modified_gmt":"2019-08-27T10:16:39","slug":"sana-muhabiri-haseke-ilideki-saddadi-kentinin-ana-yolunda-bomba-yuklu-bir-motosikletin-patlamasi-sonucunda-bazi-vatandaslarin-yarali-dustuklerini-belirtti","status":"publish","type":"post","link":"https:\/\/archive.sana.sy\/tr\/?p=189189","title":{"rendered":"SANA muhabiri; Haseke \u0130lideki \u015eaddadi Kentinin ana yolunda bomba y\u00fckl\u00fc bir motosikletin patlamas\u0131 sonucunda baz\u0131 vatanda\u015flar\u0131n yaral\u0131 d\u00fc\u015ft\u00fcklerini belirtti"},"content":{"rendered":"<p>SANA muhabiri; Haseke \u0130lideki \u015eaddadi Kentinin ana yolunda bomba y\u00fckl\u00fc bir motosikletin patlamas\u0131 sonucunda baz\u0131 vatanda\u015flar\u0131n yaral\u0131 d\u00fc\u015ft\u00fcklerini belirtti<\/p>\n","protected":false},"excerpt":{"rendered":"<p>SANA muhabiri; Haseke \u0130lideki \u015eaddadi Kentinin ana yolunda bomba y\u00fckl\u00fc bir motosikletin patlamas\u0131 sonucunda baz\u0131 vatanda\u015flar\u0131n yaral\u0131 d\u00fc\u015ft\u00fcklerini belirtti<\/p>\n","protected":false},"author":1,"featured_media":0,"comment_status":"closed","ping_status":"closed","sticky":false,"template":"","format":"standard","meta":{"footnotes":""},"categories":[17991],"tags":[],"class_list":["post-189189","post","type-post","status-publish","format-standard","","category-son-dakika"],"_links":{"self":[{"href":"https:\/\/archive.sana.sy\/tr\/index.php?rest_route=\/wp\/v2\/posts\/189189","targetHints":{"allow":["GET"]}}],"collection":[{"href":"https:\/\/archive.sana.sy\/tr\/index.php?rest_route=\/wp\/v2\/posts"}],"about":[{"href":"https:\/\/archive.sana.sy\/tr\/index.php?rest_route=\/wp\/v2\/types\/post"}],"author":[{"embeddable":true,"href":"https:\/\/archive.sana.sy\/tr\/index.php?rest_route=\/wp\/v2\/users\/1"}],"replies":[{"embeddable":true,"href":"https:\/\/archive.sana.sy\/tr\/index.php?rest_route=%2Fwp%2Fv2%2Fcomments&post=189189"}],"version-history":[{"count":0,"href":"https:\/\/archive.sana.sy\/tr\/index.php?rest_route=\/wp\/v2\/posts\/189189\/revisions"}],"wp:attachment":[{"href":"https:\/\/archive.sana.sy\/tr\/index.php?rest_route=%2Fwp%2Fv2%2Fmedia&parent=189189"}],"wp:term":[{"taxonomy":"category","embeddable":true,"href":"https:\/\/archive.sana.sy\/tr\/index.php?rest_route=%2Fwp%2Fv2%2Fcategories&post=189189"},{"taxonomy":"post_tag","embeddable":true,"href":"https:\/\/archive.sana.sy\/tr\/index.php?rest_route=%2Fwp%2Fv2%2Ftags&post=189189"}],"curies":[{"name":"wp","href":"https:\/\/api.w.org\/{rel}","templated":true}]}}