{"id":18919,"date":"2014-12-24T14:18:48","date_gmt":"2014-12-24T12:18:48","guid":{"rendered":"http:\/\/www.sana.sy\/tr\/?p=18919"},"modified":"2014-12-24T14:19:42","modified_gmt":"2014-12-24T12:19:42","slug":"18919","status":"publish","type":"post","link":"https:\/\/archive.sana.sy\/tr\/?p=18919","title":{"rendered":"Zafer ve Onur Suriye ve Halk\u0131n\u0131n Olacakt\u0131r"},"content":{"rendered":"<p>\u015eAM \u2013 Arap d\u00fcnyas\u0131n\u0131n b\u00fcy\u00fck m\u00fczisyenlerinden Ziyad el Rahabani; Suriye halk\u0131n\u0131n, tan\u0131k oldu\u011fu bu sava\u015f ve ac\u0131lar\u0131 a\u015faca\u011f\u0131n\u0131 belirtti.<\/p>\n<p>\u015eam FM radyosuyla m\u00fclakat\u0131nda L\u00fcbnanl\u0131 M\u00fczisyen Rahabani; Suriye halk\u0131n\u0131n t\u00fcm bu s\u00fcre i\u00e7inde T\u00fcrkiye, Katar, Suudi Arabistan, ABD ve daha ba\u015fka devletlere ilaveten radikal ve hain ter\u00f6r \u00e7etelerin sald\u0131r\u0131lar\u0131na kar\u015f\u0131 ba\u015far\u0131yla direndi\u011fini ifade ederken, er yada ge\u00e7 zaferin Suriye ve halk\u0131n\u0131n olaca\u011f\u0131n\u0131 s\u00f6yledi.<\/p>\n<p>Rahabani Suriye&#8217;nin dinler aras\u0131ndaki ba\u011flant\u0131y\u0131 sembolle\u015ftiren ve somutla\u015ft\u0131ran, t\u00fcm dinlerden, mezheplerden ve \u0131rklardan insanlar\u0131n ho\u015fg\u00f6r\u00fc ve karde\u015flik i\u00e7inde ya\u015fad\u0131klar\u0131 son yer oldu\u011funa dikkat \u00e7eken Rahabani; dolay\u0131s\u0131yla Suriye&#8217;nin bo\u015funa hedef al\u0131nmad\u0131\u011f\u0131n\u0131 belirtti. Suriye&#8217;nin devlet ve halk olarak k\u00fclt\u00fcrel, ekonomik, sanat, insani, be\u015feri ve her a\u00e7\u0131dan kas\u0131tl\u0131 bir \u015fekilde hedef al\u0131nd\u0131\u011f\u0131n\u0131 belirten Rahabani; evrensel h\u0131r\u00e7\u0131n sava\u015fta Suriye ve halk\u0131n\u0131n \u00f6deyece\u011fi bedel a\u011f\u0131r olsa da zafer ve onur onlar\u0131n olaca\u011f\u0131na kesinlikle inand\u0131\u011f\u0131n\u0131 ifade etti.<\/p>\n","protected":false},"excerpt":{"rendered":"<p>\u015eAM \u2013 Arap d\u00fcnyas\u0131n\u0131n b\u00fcy\u00fck m\u00fczisyenlerinden Ziyad el Rahabani; Suriye halk\u0131n\u0131n, tan\u0131k oldu\u011fu bu sava\u015f ve ac\u0131lar\u0131 a\u015faca\u011f\u0131n\u0131 belirtti. \u015eam FM radyosuyla m\u00fclakat\u0131nda L\u00fcbnanl\u0131 M\u00fczisyen Rahabani; Suriye halk\u0131n\u0131n t\u00fcm bu s\u00fcre i\u00e7inde T\u00fcrkiye, Katar, Suudi Arabistan, ABD ve daha ba\u015fka devletlere ilaveten radikal ve hain ter\u00f6r \u00e7etelerin sald\u0131r\u0131lar\u0131na kar\u015f\u0131 ba\u015far\u0131yla direndi\u011fini ifade ederken, er yada &hellip;<\/p>\n","protected":false},"author":1,"featured_media":18921,"comment_status":"closed","ping_status":"closed","sticky":false,"template":"","format":"standard","meta":{"footnotes":""},"categories":[526,516,479,511,525,478],"tags":[8877,8884,8881,8878,8883,3946,8880,8882,2733,8876,8879,8875],"class_list":["post-18919","post","type-post","status-publish","format-standard","has-post-thumbnail","","category-haber-ve-raporlar","category-haberler-kultur-ve-sanat","category-haberler-yerel","category-kultur-ve-sanat","category-toplum","category-yerel","tag-abd-ve-daha-baska-devletlere-ilaveten-radikal-ve-hain-teror-cetelerin-saldirilarina-karsi-basariyla-direndigini-ifade-ederken","tag-beseri-ve-her-acidan-kasitli-bir-sekilde-hedef-alindigini-belirten-rahabani-evrensel-hircin-savasta-suriye-ve-halkinin-odeyecegi-bedel-agir-olsa-da-zafer-ve-onur-onlarin-olacagina-kesinlikle-inandigi","tag-ekonomik","tag-er-yada-gec-zaferin-suriye-ve-halkinin-olacagini-soyledi-rahabani-suriyenin-dinler-arasindaki-baglantiyi-sembollestiren-ve-somutlastiran","tag-insani","tag-katar","tag-mezheplerden-ve-irklardan-insanlarin-hosgoru-ve-kardeslik-icinde-yasadiklari-son-yer-olduguna-dikkat-ceken-rahabani-dolayisiyla-suriyenin-bosuna-hedef-alinmadigini-belirtti-suriyenin-devlet-ve-hal","tag-sanat","tag-suudi-arabistan","tag-tanik-oldugu-bu-savas-ve-acilari-asacagini-belirtti-sam-fm-radyosuyla-mulakatinda-lubnanli-muzisyen-rahabani-suriye-halkinin-tum-bu-sure-icinde-turkiye","tag-tum-dinlerden","tag-zafer-ve-onur-suriye-ve-halkinin-olacaktir-sam-arap-dunyasinin-buyuk-muzisyenlerinden-ziyad-el-rahabani-suriye-halkinin"],"_links":{"self":[{"href":"https:\/\/archive.sana.sy\/tr\/index.php?rest_route=\/wp\/v2\/posts\/18919","targetHints":{"allow":["GET"]}}],"collection":[{"href":"https:\/\/archive.sana.sy\/tr\/index.php?rest_route=\/wp\/v2\/posts"}],"about":[{"href":"https:\/\/archive.sana.sy\/tr\/index.php?rest_route=\/wp\/v2\/types\/post"}],"author":[{"embeddable":true,"href":"https:\/\/archive.sana.sy\/tr\/index.php?rest_route=\/wp\/v2\/users\/1"}],"replies":[{"embeddable":true,"href":"https:\/\/archive.sana.sy\/tr\/index.php?rest_route=%2Fwp%2Fv2%2Fcomments&post=18919"}],"version-history":[{"count":0,"href":"https:\/\/archive.sana.sy\/tr\/index.php?rest_route=\/wp\/v2\/posts\/18919\/revisions"}],"wp:featuredmedia":[{"embeddable":true,"href":"https:\/\/archive.sana.sy\/tr\/index.php?rest_route=\/wp\/v2\/media\/18921"}],"wp:attachment":[{"href":"https:\/\/archive.sana.sy\/tr\/index.php?rest_route=%2Fwp%2Fv2%2Fmedia&parent=18919"}],"wp:term":[{"taxonomy":"category","embeddable":true,"href":"https:\/\/archive.sana.sy\/tr\/index.php?rest_route=%2Fwp%2Fv2%2Fcategories&post=18919"},{"taxonomy":"post_tag","embeddable":true,"href":"https:\/\/archive.sana.sy\/tr\/index.php?rest_route=%2Fwp%2Fv2%2Ftags&post=18919"}],"curies":[{"name":"wp","href":"https:\/\/api.w.org\/{rel}","templated":true}]}}